{"id":151638,"date":"2021-02-07T11:27:20","date_gmt":"2021-02-07T17:27:20","guid":{"rendered":"https:\/\/plazajuarez.mx\/?p=151638"},"modified":"2021-02-07T11:27:35","modified_gmt":"2021-02-07T17:27:35","slug":"adriana-santiago-expone-el-mas-profundo-sentimiento","status":"publish","type":"post","link":"https:\/\/plazajuarez.mx\/historico\/adriana-santiago-expone-el-mas-profundo-sentimiento\/","title":{"rendered":"Adriana Santiago expone el m\u00e1s profundo sentimiento"},"content":{"rendered":"\n<p class=\"wp-block-paragraph\">Como pocas veces, la cantautora Adriana Santiago se reinventa para mostrar a una int\u00e9rprete que apachurra el coraz\u00f3n con una melod\u00eda que la envuelve en los sonidos bohemios del jazz y el blues.<\/p>\n\n\n\n<p class=\"wp-block-paragraph\">A decir de Adriana, &#8220;Solo de la piel&#8221; representa para ella uno de sus m\u00e1s grandes retos y pasiones, pues la sac\u00f3 de su zona de confort, donde llev\u00f3 su exigencia musical a otro nivel.<\/p>\n\n\n\n<p class=\"wp-block-paragraph\">&#8220;Todos buscamos una evoluci\u00f3n y en este tema ya se alcanza a ver el potencial de mi esencia, la parte m\u00e1s honesta de mi trabajo, de una canci\u00f3n tan sensual y la sensibilidad que uno puede llegar a tener, es la punta del iceberg de lo que el p\u00fablico podr\u00e1 o\u00edr de m\u00ed&#8221;, se\u00f1al\u00f3.<\/p>\n\n\n\n<p class=\"wp-block-paragraph\">Desde su punto de vista, esta nueva creaci\u00f3n la llev\u00f3 a sorprenderse. &#8220;Mirarme en el videoclip, la vestimenta, la m\u00fasica, me impact\u00f3 mucho, lo reconozco. Y lo mejor, escuchar todo el arreglo musical; en verdad qued\u00e9 fascinada. Hoy buscamos crecer como artistas, estamos en la \u00e9poca del cambio, de reinventarnos estamos \u00e1vidos&#8221;, confes\u00f3 la int\u00e9rprete.<\/p>\n","protected":false},"excerpt":{"rendered":"<p>Como pocas veces, la cantautora Adriana Santiago se reinventa para mostrar a una int\u00e9rprete que apachurra el coraz\u00f3n con una melod\u00eda que la envuelve en los sonidos bohemios del jazz y el blues. A decir de Adriana, &#8220;Solo de la piel&#8221; representa para ella uno de sus m\u00e1s grandes retos y pasiones, pues la sac\u00f3 [&hellip;]<\/p>\n","protected":false},"author":81,"featured_media":151643,"comment_status":"closed","ping_status":"open","sticky":false,"template":"","format":"standard","meta":{"footnotes":""},"categories":[41],"tags":[],"class_list":["post-151638","post","type-post","status-publish","format-standard","has-post-thumbnail","hentry","category-arteria-cultural"],"_links":{"self":[{"href":"https:\/\/plazajuarez.mx\/historico\/wp-json\/wp\/v2\/posts\/151638","targetHints":{"allow":["GET"]}}],"collection":[{"href":"https:\/\/plazajuarez.mx\/historico\/wp-json\/wp\/v2\/posts"}],"about":[{"href":"https:\/\/plazajuarez.mx\/historico\/wp-json\/wp\/v2\/types\/post"}],"author":[{"embeddable":true,"href":"https:\/\/plazajuarez.mx\/historico\/wp-json\/wp\/v2\/users\/81"}],"replies":[{"embeddable":true,"href":"https:\/\/plazajuarez.mx\/historico\/wp-json\/wp\/v2\/comments?post=151638"}],"version-history":[{"count":0,"href":"https:\/\/plazajuarez.mx\/historico\/wp-json\/wp\/v2\/posts\/151638\/revisions"}],"wp:featuredmedia":[{"embeddable":true,"href":"https:\/\/plazajuarez.mx\/historico\/wp-json\/wp\/v2\/media\/151643"}],"wp:attachment":[{"href":"https:\/\/plazajuarez.mx\/historico\/wp-json\/wp\/v2\/media?parent=151638"}],"wp:term":[{"taxonomy":"category","embeddable":true,"href":"https:\/\/plazajuarez.mx\/historico\/wp-json\/wp\/v2\/categories?post=151638"},{"taxonomy":"post_tag","embeddable":true,"href":"https:\/\/plazajuarez.mx\/historico\/wp-json\/wp\/v2\/tags?post=151638"}],"curies":[{"name":"wp","href":"https:\/\/api.w.org\/{rel}","templated":true}]}}