{"id":151636,"date":"2021-02-07T11:26:05","date_gmt":"2021-02-07T17:26:05","guid":{"rendered":"https:\/\/plazajuarez.mx\/?p=151636"},"modified":"2021-02-07T13:53:21","modified_gmt":"2021-02-07T19:53:21","slug":"identifican-a-los-2-homicidas-de-aristoteles-sandoval","status":"publish","type":"post","link":"https:\/\/plazajuarez.mx\/historico\/identifican-a-los-2-homicidas-de-aristoteles-sandoval\/","title":{"rendered":"Identifican a los 2 homicidas de Arist\u00f3teles Sandoval"},"content":{"rendered":"\n<p class=\"wp-block-paragraph\">La fiscal\u00eda de Jalisco logr\u00f3 identificar a los dos presuntos autores materiales del asesinato del ex gobernador del estado, Jorge Arist\u00f3teles Sandoval D\u00edaz, ocurrido el 18 de diciembre de 2020, en Puerto Vallarta.<\/p>\n\n\n\n<p class=\"wp-block-paragraph\">Con la identificaci\u00f3n de ambas personas, un hombre y una mujer, la dependencia obtuvo \u00f3rdenes de aprehensi\u00f3n en su contra y ya se trabaja para darles cumplimiento.<\/p>\n\n\n\n<p class=\"wp-block-paragraph\">&#8220;Adicionalmente, se informa que toda vez que la fiscal\u00eda ya cuenta con el mandato judicial contra ambas personas, [y] a partir de este viernes (antier), quedar\u00e1 sin efecto la recompensa ofrecida por la dependencia estatal para quien o quienes aportaran informaci\u00f3n fidedigna sobre la identidad de \u00e9stas&#8221;, inform\u00f3 en un comunicado.<\/p>\n\n\n\n<p class=\"wp-block-paragraph\">Hasta ahora van 14 personas detenidas por el homicidio del ex mandatario, todas son empleadas del bar Distrito 5, donde fue asesinado por la espalda, y 12 de ellas se sometieron a un procedimiento abreviado en el que fueron condenadas por el delito de encubrimiento.<\/p>\n","protected":false},"excerpt":{"rendered":"<p>La fiscal\u00eda de Jalisco logr\u00f3 identificar a los dos presuntos autores materiales del asesinato del ex gobernador del estado, Jorge Arist\u00f3teles Sandoval D\u00edaz, ocurrido el 18 de diciembre de 2020, en Puerto Vallarta. Con la identificaci\u00f3n de ambas personas, un hombre y una mujer, la dependencia obtuvo \u00f3rdenes de aprehensi\u00f3n en su contra y ya [&hellip;]<\/p>\n","protected":false},"author":81,"featured_media":151641,"comment_status":"closed","ping_status":"open","sticky":false,"template":"","format":"standard","meta":{"footnotes":""},"categories":[37],"tags":[],"class_list":["post-151636","post","type-post","status-publish","format-standard","has-post-thumbnail","hentry","category-barandilla"],"_links":{"self":[{"href":"https:\/\/plazajuarez.mx\/historico\/wp-json\/wp\/v2\/posts\/151636","targetHints":{"allow":["GET"]}}],"collection":[{"href":"https:\/\/plazajuarez.mx\/historico\/wp-json\/wp\/v2\/posts"}],"about":[{"href":"https:\/\/plazajuarez.mx\/historico\/wp-json\/wp\/v2\/types\/post"}],"author":[{"embeddable":true,"href":"https:\/\/plazajuarez.mx\/historico\/wp-json\/wp\/v2\/users\/81"}],"replies":[{"embeddable":true,"href":"https:\/\/plazajuarez.mx\/historico\/wp-json\/wp\/v2\/comments?post=151636"}],"version-history":[{"count":0,"href":"https:\/\/plazajuarez.mx\/historico\/wp-json\/wp\/v2\/posts\/151636\/revisions"}],"wp:featuredmedia":[{"embeddable":true,"href":"https:\/\/plazajuarez.mx\/historico\/wp-json\/wp\/v2\/media\/151641"}],"wp:attachment":[{"href":"https:\/\/plazajuarez.mx\/historico\/wp-json\/wp\/v2\/media?parent=151636"}],"wp:term":[{"taxonomy":"category","embeddable":true,"href":"https:\/\/plazajuarez.mx\/historico\/wp-json\/wp\/v2\/categories?post=151636"},{"taxonomy":"post_tag","embeddable":true,"href":"https:\/\/plazajuarez.mx\/historico\/wp-json\/wp\/v2\/tags?post=151636"}],"curies":[{"name":"wp","href":"https:\/\/api.w.org\/{rel}","templated":true}]}}