{"id":151635,"date":"2021-02-07T11:25:18","date_gmt":"2021-02-07T17:25:18","guid":{"rendered":"https:\/\/plazajuarez.mx\/?p=151635"},"modified":"2021-02-07T13:53:14","modified_gmt":"2021-02-07T19:53:14","slug":"en-enero-reportan-2-mil-507-fiestas-al-c5-de-la-cdmx","status":"publish","type":"post","link":"https:\/\/plazajuarez.mx\/historico\/en-enero-reportan-2-mil-507-fiestas-al-c5-de-la-cdmx\/","title":{"rendered":"En enero, reportan 2 mil 507 fiestas al C5 de la CDMX"},"content":{"rendered":"\n<p class=\"wp-block-paragraph\">En lo que va del a\u00f1o, en la capital del pa\u00eds se reportaron 2 mil 507 disturbios en fiestas \u2014pese a estar en sem\u00e1foro rojo \u2014 ante el Centro de Comando, Control, C\u00f3mputo, Comunicaciones y Contacto Ciudadano de la Ciudad de M\u00e9xico (C5).&nbsp;<\/p>\n\n\n\n<p class=\"wp-block-paragraph\">La jefa de Gobierno, Claudia Sheinbaum, llam\u00f3 a evitar reuniones para el pr\u00f3ximo 14 de febrero y aguantar hasta que todos sean vacunados.&nbsp;<\/p>\n\n\n\n<p class=\"wp-block-paragraph\">\u201cAqu\u00ed lo vimos en la semana del 24 al 31 [de diciembre], que represent\u00f3 un incremento muy importante en el n\u00famero de hospitalizaciones. Este 14 de febrero, no fiestas, no reuniones familiares y esperar a que estemos en mejores condiciones para celebrar en familia ya que estemos todos vacunados\u201d, asegur\u00f3.&nbsp;<\/p>\n\n\n\n<p class=\"wp-block-paragraph\">De acuerdo con el registro del C5, del 1 al 31 de enero de 2021 se reportaron disturbios en estas, principalmente en la Gustavo A. Madero, con 383; Iztapalapa, 288; Cuauht\u00e9moc, 247; Coyoac\u00e1n, 240, y Tlalpan, 225. No obstante, el mes con mayor n\u00famero de registros afirmativos fue diciembre de 2020, con un total de 4 mil 104. Debido a la pandemia por Covid-19, en la alcald\u00eda Iztapalapa se analiza que la representaci\u00f3n 178 de la Pasi\u00f3n de Cristo se realice, por segundo a\u00f1o, de forma simb\u00f3lica, a puerta cerrada y en un lugar confinado, evitando la congregaci\u00f3n de m\u00e1s de 2 millones de personas, con el n de prevenir contagios.&nbsp;<\/p>\n\n\n\n<p class=\"wp-block-paragraph\">Por ello, autoridades de la demarcaci\u00f3n se han reunido con los organizadores para que, mientras persista la pandemia y el sem\u00e1foro epidemiol\u00f3gico lo impida, se efect\u00fae la escenificaci\u00f3n simb\u00f3licamente, lo cual ayudar\u00e1 a evitar la concentraci\u00f3n masiva de personas.<\/p>\n","protected":false},"excerpt":{"rendered":"<p>En lo que va del a\u00f1o, en la capital del pa\u00eds se reportaron 2 mil 507 disturbios en fiestas \u2014pese a estar en sem\u00e1foro rojo \u2014 ante el Centro de Comando, Control, C\u00f3mputo, Comunicaciones y Contacto Ciudadano de la Ciudad de M\u00e9xico (C5).&nbsp; La jefa de Gobierno, Claudia Sheinbaum, llam\u00f3 a evitar reuniones para el [&hellip;]<\/p>\n","protected":false},"author":81,"featured_media":151640,"comment_status":"closed","ping_status":"open","sticky":false,"template":"","format":"standard","meta":{"footnotes":""},"categories":[37],"tags":[],"class_list":["post-151635","post","type-post","status-publish","format-standard","has-post-thumbnail","hentry","category-barandilla"],"_links":{"self":[{"href":"https:\/\/plazajuarez.mx\/historico\/wp-json\/wp\/v2\/posts\/151635","targetHints":{"allow":["GET"]}}],"collection":[{"href":"https:\/\/plazajuarez.mx\/historico\/wp-json\/wp\/v2\/posts"}],"about":[{"href":"https:\/\/plazajuarez.mx\/historico\/wp-json\/wp\/v2\/types\/post"}],"author":[{"embeddable":true,"href":"https:\/\/plazajuarez.mx\/historico\/wp-json\/wp\/v2\/users\/81"}],"replies":[{"embeddable":true,"href":"https:\/\/plazajuarez.mx\/historico\/wp-json\/wp\/v2\/comments?post=151635"}],"version-history":[{"count":0,"href":"https:\/\/plazajuarez.mx\/historico\/wp-json\/wp\/v2\/posts\/151635\/revisions"}],"wp:featuredmedia":[{"embeddable":true,"href":"https:\/\/plazajuarez.mx\/historico\/wp-json\/wp\/v2\/media\/151640"}],"wp:attachment":[{"href":"https:\/\/plazajuarez.mx\/historico\/wp-json\/wp\/v2\/media?parent=151635"}],"wp:term":[{"taxonomy":"category","embeddable":true,"href":"https:\/\/plazajuarez.mx\/historico\/wp-json\/wp\/v2\/categories?post=151635"},{"taxonomy":"post_tag","embeddable":true,"href":"https:\/\/plazajuarez.mx\/historico\/wp-json\/wp\/v2\/tags?post=151635"}],"curies":[{"name":"wp","href":"https:\/\/api.w.org\/{rel}","templated":true}]}}