{"id":151554,"date":"2021-02-06T09:08:46","date_gmt":"2021-02-06T15:08:46","guid":{"rendered":"https:\/\/plazajuarez.mx\/?p=151554"},"modified":"2021-02-06T09:09:00","modified_gmt":"2021-02-06T15:09:00","slug":"lo-vinculan-a-proceso-por-violencia-familiar","status":"publish","type":"post","link":"https:\/\/plazajuarez.mx\/historico\/lo-vinculan-a-proceso-por-violencia-familiar\/","title":{"rendered":"Lo vinculan a proceso por violencia familiar"},"content":{"rendered":"\n<p>La Procuradur\u00eda General de Justicia del estado de Hidalgo (PGJEH), obtuvo de la autoridad judicial la vinculaci\u00f3n a proceso de una persona por hechos que la ley se\u00f1ala como violencia familiar equiparada, cometida en contra de una mujer.<\/p>\n\n\n\n<p>Un hombre identificado como C\u00e9sar Iv\u00e1n \u201cN\u201d fue presentado ante un juez penal luego de que en septiembre pasado agrediera a una mujer en el interior de un domicilio de la colonia Centro, en Apan.<\/p>\n\n\n\n<p>Por lo ocurrido la v\u00edctima denunci\u00f3 los hechos y con base en ello una agente del ministerio p\u00fablico comenz\u00f3 las indagatorias mediante las que se alleg\u00f3 de medios de prueba en contra del imputado, quien fue presentado ante el juez de control.<\/p>\n\n\n\n<p>Durante el desarrollo de la audiencia inicial, la representante del ministerio p\u00fablico expuso ante la autoridad judicial los medios probatorios suficientes para que el imputado fuera vinculado a proceso por violencia familiar equiparada.<\/p>\n\n\n\n<p>Cesar Iv\u00e1n \u201cN\u201d se encuentra bajo las medidas cautelares de presentaci\u00f3n peri\u00f3dica ante el juez y la prohibici\u00f3n de acercarse a la v\u00edctima, adem\u00e1s se asign\u00f3 un plazo de tres meses para el cierre de la investigaci\u00f3n complementaria.<\/p>\n","protected":false},"excerpt":{"rendered":"<p>La Procuradur\u00eda General de Justicia del estado de Hidalgo (PGJEH), obtuvo de la autoridad judicial la vinculaci\u00f3n a proceso de una persona por hechos que la ley se\u00f1ala como violencia familiar equiparada, cometida en contra de una mujer. Un hombre identificado como C\u00e9sar Iv\u00e1n \u201cN\u201d fue presentado ante un juez penal luego de que en [&hellip;]<\/p>\n","protected":false},"author":93,"featured_media":151559,"comment_status":"closed","ping_status":"open","sticky":false,"template":"","format":"standard","meta":{"footnotes":""},"categories":[37],"tags":[],"class_list":["post-151554","post","type-post","status-publish","format-standard","has-post-thumbnail","hentry","category-barandilla"],"_links":{"self":[{"href":"https:\/\/plazajuarez.mx\/historico\/wp-json\/wp\/v2\/posts\/151554","targetHints":{"allow":["GET"]}}],"collection":[{"href":"https:\/\/plazajuarez.mx\/historico\/wp-json\/wp\/v2\/posts"}],"about":[{"href":"https:\/\/plazajuarez.mx\/historico\/wp-json\/wp\/v2\/types\/post"}],"author":[{"embeddable":true,"href":"https:\/\/plazajuarez.mx\/historico\/wp-json\/wp\/v2\/users\/93"}],"replies":[{"embeddable":true,"href":"https:\/\/plazajuarez.mx\/historico\/wp-json\/wp\/v2\/comments?post=151554"}],"version-history":[{"count":0,"href":"https:\/\/plazajuarez.mx\/historico\/wp-json\/wp\/v2\/posts\/151554\/revisions"}],"wp:featuredmedia":[{"embeddable":true,"href":"https:\/\/plazajuarez.mx\/historico\/wp-json\/wp\/v2\/media\/151559"}],"wp:attachment":[{"href":"https:\/\/plazajuarez.mx\/historico\/wp-json\/wp\/v2\/media?parent=151554"}],"wp:term":[{"taxonomy":"category","embeddable":true,"href":"https:\/\/plazajuarez.mx\/historico\/wp-json\/wp\/v2\/categories?post=151554"},{"taxonomy":"post_tag","embeddable":true,"href":"https:\/\/plazajuarez.mx\/historico\/wp-json\/wp\/v2\/tags?post=151554"}],"curies":[{"name":"wp","href":"https:\/\/api.w.org\/{rel}","templated":true}]}}