{"id":151513,"date":"2021-02-06T06:00:00","date_gmt":"2021-02-06T12:00:00","guid":{"rendered":"https:\/\/plazajuarez.mx\/?p=151513"},"modified":"2021-02-05T23:45:29","modified_gmt":"2021-02-06T05:45:29","slug":"llama-fayad-a-unidad-de-gobernadores","status":"publish","type":"post","link":"https:\/\/plazajuarez.mx\/historico\/llama-fayad-a-unidad-de-gobernadores\/","title":{"rendered":"Llama Fayad a unidad de gobernadores"},"content":{"rendered":"\n<p>En el marco de la conmemoraci\u00f3n del 104 Aniversario de la Promulgaci\u00f3n de la Constituci\u00f3n de 1917, el gobernador del estado de Hidalgo, Omar Fayad Meneses, aprovech\u00f3 la ocasi\u00f3n para exhortar a los gobernadores de otras entidades a que no se baje la guardia y se mantenga una buena coordinaci\u00f3n para afrontar la pandemia provocada por el virus SARS COV 02.<\/p>\n\n\n\n<p>\u201cSirva el marco de esta conmemoraci\u00f3n con motivo del 104 Aniversario de la Promulgaci\u00f3n de la Constituci\u00f3n de 1917 para que las entidades federativas nos mantengamos en coordinaci\u00f3n y unidad en la lucha contra el&nbsp; Covi-19, y trabajando en todo momento por el bien de M\u00e9xico\u201d, escribi\u00f3 el mandatario en su cuenta oficial de Twitter.<\/p>\n\n\n\n<p>Lo anterior, durante la ceremonia c\u00edvica a la que acompa\u00f1\u00f3 a la titular de la Secretar\u00eda de Gobernaci\u00f3n, Olga S\u00e1nchez Cordero, quien estuvo en representaci\u00f3n del presidente Andr\u00e9s Manuel L\u00f3pez Obrador, luego de que el mandatario permanece en cuarentena tras haber dado positivo a Covid-19.<\/p>\n\n\n\n<p>Fayad Meneses, de igual manera, reconoci\u00f3 a los constituyentes hidalguenses: \u201cmerecen una menci\u00f3n particular los Constituyentes hidalguenses que estuvieron presentes en este momento hist\u00f3rico de M\u00e9xico, porque llevaron consigo y dejaron plasmadas las necesidades, los sue\u00f1os y aspiraciones del pueblo hidalguense\u201d, escribi\u00f3 el mandatario en la publicaci\u00f3n que acompa\u00f1\u00f3 con una fotograf\u00eda en la que se pueden leer los nombres: Antonio Guerrero, Leopoldo Ru\u00edz, Alberto M. Gonz\u00e1lez, Rafael Vega S\u00e1nchez, Alfonso Cravioto, Cris\u00f3foro Aguirre, Mat\u00edas Rodr\u00edguez, Ismael Pintado S\u00e1nchez, Refugio M. Mercado y Alfonso Mayorga.<\/p>\n","protected":false},"excerpt":{"rendered":"<p>En el marco de la conmemoraci\u00f3n del 104 Aniversario de la Promulgaci\u00f3n de la Constituci\u00f3n de 1917, el gobernador del estado de Hidalgo, Omar Fayad Meneses, aprovech\u00f3 la ocasi\u00f3n para exhortar a los gobernadores de otras entidades a que no se baje la guardia y se mantenga una buena coordinaci\u00f3n para afrontar la pandemia provocada [&hellip;]<\/p>\n","protected":false},"author":72,"featured_media":151525,"comment_status":"closed","ping_status":"open","sticky":false,"template":"","format":"standard","meta":{"footnotes":""},"categories":[15,59],"tags":[],"class_list":["post-151513","post","type-post","status-publish","format-standard","has-post-thumbnail","hentry","category-destacadas","category-general"],"_links":{"self":[{"href":"https:\/\/plazajuarez.mx\/historico\/wp-json\/wp\/v2\/posts\/151513","targetHints":{"allow":["GET"]}}],"collection":[{"href":"https:\/\/plazajuarez.mx\/historico\/wp-json\/wp\/v2\/posts"}],"about":[{"href":"https:\/\/plazajuarez.mx\/historico\/wp-json\/wp\/v2\/types\/post"}],"author":[{"embeddable":true,"href":"https:\/\/plazajuarez.mx\/historico\/wp-json\/wp\/v2\/users\/72"}],"replies":[{"embeddable":true,"href":"https:\/\/plazajuarez.mx\/historico\/wp-json\/wp\/v2\/comments?post=151513"}],"version-history":[{"count":0,"href":"https:\/\/plazajuarez.mx\/historico\/wp-json\/wp\/v2\/posts\/151513\/revisions"}],"wp:featuredmedia":[{"embeddable":true,"href":"https:\/\/plazajuarez.mx\/historico\/wp-json\/wp\/v2\/media\/151525"}],"wp:attachment":[{"href":"https:\/\/plazajuarez.mx\/historico\/wp-json\/wp\/v2\/media?parent=151513"}],"wp:term":[{"taxonomy":"category","embeddable":true,"href":"https:\/\/plazajuarez.mx\/historico\/wp-json\/wp\/v2\/categories?post=151513"},{"taxonomy":"post_tag","embeddable":true,"href":"https:\/\/plazajuarez.mx\/historico\/wp-json\/wp\/v2\/tags?post=151513"}],"curies":[{"name":"wp","href":"https:\/\/api.w.org\/{rel}","templated":true}]}}