{"id":151512,"date":"2021-02-06T06:00:00","date_gmt":"2021-02-06T12:00:00","guid":{"rendered":"https:\/\/plazajuarez.mx\/?p=151512"},"modified":"2021-02-05T23:44:11","modified_gmt":"2021-02-06T05:44:11","slug":"reimpresion-de-credencial-del-10-de-febrero-al-25-de-mayo","status":"publish","type":"post","link":"https:\/\/plazajuarez.mx\/historico\/reimpresion-de-credencial-del-10-de-febrero-al-25-de-mayo\/","title":{"rendered":"Reimpresi\u00f3n de credencial, del 10 de febrero al 25 de mayo"},"content":{"rendered":"\n<p>Todas aquellas personas que hayan perdido su credencial para votar y requieran una nueva mica sin que esta implique alg\u00fan cambio en sus datos personales, podr\u00e1n solicitarla del 10 de febrero al 25 de mayo, y podr\u00e1n recogerla hasta el pr\u00f3ximo cuatro de junio, para poder acudir a las urnas el seis de junio, mientras que aquellas personas que deseen alg\u00fan cambio o bien los j\u00f3venes que por primera vez hacen el tr\u00e1mite, s\u00f3lo podr\u00e1n hacerlo hasta el pr\u00f3ximo 10 de febrero.<\/p>\n\n\n\n<p>De acuerdo con un comunicado emitido por el Instituto Nacional Electoral (INE), el tr\u00e1mite de la reimpresi\u00f3n se realizar\u00e1 exclusivamente con previa cita, que se deber\u00e1 gestionar a trav\u00e9s de la p\u00e1gina&nbsp; https:\/\/www.ine.mx\/credencial\/ mientras que aquellos que deben hacer su t\u0155amite antes del 10 de febrero, pueden acudir a los m\u00f3dulos de atenci\u00f3n ciudadana sin previa cita, a fin de dar celeridad al procedimiento.&nbsp;<\/p>\n\n\n\n<p>Cabe se\u00f1alar que todas las credenciales que perdieron vigencia entre 2019 y 2020, podr\u00e1n ser utilizadas como medio de identificaci\u00f3n y para votar el pr\u00f3ximo 6 de junio, por lo que no es necesario que realicen su actualizaci\u00f3n en estos momentos.&nbsp;<\/p>\n\n\n\n<p>Derivado de la emergencia sanitaria que se vive en M\u00e9xico a causa de la pandemia por COVID-19, el INE implementa una serie de protocolos para garantizar la salud tanto de los funcionarios como de todas las personas que asistan a los m\u00f3dulos.&nbsp;<\/p>\n\n\n\n<p>De acuerdo con las cifras presentadas por el INE, en los primeros dos d\u00edas del mes en curso se atendieron en promedio m\u00e1s de 107 mil personas diarias en los m\u00f3dulos de todo el pa\u00eds, lo que significa que casi se duplic\u00f3 la capacidad de atenci\u00f3n que regularmente es de 60 mil personas al d\u00eda, por lo que, Hugo L\u00f3pez Tlapale, Vocal del Registro Federal de Electores de la Junta Distrital 24 en la Ciudad de M\u00e9xico, explic\u00f3 que para poder garantizar la atenci\u00f3n, las personas que no tengan cita deber\u00e1n acudir a cualquier m\u00f3dulo, ya sea el mismo d\u00eda o de forma programada en d\u00edas subsecuentes.&nbsp;<\/p>\n\n\n\n<p>\u201cTenemos la capacidad suficiente para no tener aglomeraciones, guardemos distancia y atender a todos los ciudadanos que soliciten el servicio, s\u00f3lo le pedimos a la ciudadan\u00eda que nos comprenda y tenga un poco de paciencia por la alta demanda que tenemos, pero todos ser\u00e1n atendidos\u201d, sentenci\u00f3.<\/p>\n","protected":false},"excerpt":{"rendered":"<p>Todas aquellas personas que hayan perdido su credencial para votar y requieran una nueva mica sin que esta implique alg\u00fan cambio en sus datos personales, podr\u00e1n solicitarla del 10 de febrero al 25 de mayo, y podr\u00e1n recogerla hasta el pr\u00f3ximo cuatro de junio, para poder acudir a las urnas el seis de junio, mientras [&hellip;]<\/p>\n","protected":false},"author":72,"featured_media":151526,"comment_status":"closed","ping_status":"open","sticky":false,"template":"","format":"standard","meta":{"footnotes":""},"categories":[15,59],"tags":[],"class_list":["post-151512","post","type-post","status-publish","format-standard","has-post-thumbnail","hentry","category-destacadas","category-general"],"_links":{"self":[{"href":"https:\/\/plazajuarez.mx\/historico\/wp-json\/wp\/v2\/posts\/151512","targetHints":{"allow":["GET"]}}],"collection":[{"href":"https:\/\/plazajuarez.mx\/historico\/wp-json\/wp\/v2\/posts"}],"about":[{"href":"https:\/\/plazajuarez.mx\/historico\/wp-json\/wp\/v2\/types\/post"}],"author":[{"embeddable":true,"href":"https:\/\/plazajuarez.mx\/historico\/wp-json\/wp\/v2\/users\/72"}],"replies":[{"embeddable":true,"href":"https:\/\/plazajuarez.mx\/historico\/wp-json\/wp\/v2\/comments?post=151512"}],"version-history":[{"count":0,"href":"https:\/\/plazajuarez.mx\/historico\/wp-json\/wp\/v2\/posts\/151512\/revisions"}],"wp:featuredmedia":[{"embeddable":true,"href":"https:\/\/plazajuarez.mx\/historico\/wp-json\/wp\/v2\/media\/151526"}],"wp:attachment":[{"href":"https:\/\/plazajuarez.mx\/historico\/wp-json\/wp\/v2\/media?parent=151512"}],"wp:term":[{"taxonomy":"category","embeddable":true,"href":"https:\/\/plazajuarez.mx\/historico\/wp-json\/wp\/v2\/categories?post=151512"},{"taxonomy":"post_tag","embeddable":true,"href":"https:\/\/plazajuarez.mx\/historico\/wp-json\/wp\/v2\/tags?post=151512"}],"curies":[{"name":"wp","href":"https:\/\/api.w.org\/{rel}","templated":true}]}}