{"id":151278,"date":"2021-02-04T06:00:00","date_gmt":"2021-02-04T12:00:00","guid":{"rendered":"https:\/\/plazajuarez.mx\/?p=151278"},"modified":"2021-02-04T10:28:50","modified_gmt":"2021-02-04T16:28:50","slug":"demanda-juridica-contra-el-inah-por-omision","status":"publish","type":"post","link":"https:\/\/plazajuarez.mx\/historico\/demanda-juridica-contra-el-inah-por-omision\/","title":{"rendered":"Demanda jur\u00eddica contra el INAH por omisi\u00f3n"},"content":{"rendered":"\n<p>Despu\u00e9s de tres a\u00f1os de que la Asociaci\u00f3n Civil Niebla y Tiempo solicitara a las autoridades federales la declaratoria de zona arqueol\u00f3gica para Huapalcalco, y al no recibir respuesta positiva hasta el momento, dicha asociaci\u00f3n, presidida por Montserrat Barrag\u00e1n, decidi\u00f3 promover un amparo al respecto, a trav\u00e9s de un despacho de abogados especializado.<\/p>\n\n\n\n<p>Los encargados del asunto legal son miembros del despacho Art\u00edculo 27 Sociedad Civil, de la Ciudad de M\u00e9xico, quienes se especializan en asuntos de derecho cultural, a cargo de los abogados Carlos Lara, Jos\u00e9 Manuel Hermosillo y Sergio Boeta.<\/p>\n\n\n\n<p>&#8220;Debido a la falta de actividad por parte de las autoridades del INAH, decidimos promover un amparo indirecto por omisi\u00f3n, en contra del Presidente de la Rep\u00fablica, del director general del INAH y el coordinador del \u00e1rea de Monumentos Hist\u00f3ricos&#8221;, detall\u00f3 Sergio Boeta.<\/p>\n\n\n\n<p>Agreg\u00f3 que si bien el argumento es que necesitan tiempo para la investigaci\u00f3n al respecto, no cuenta con recursos para ello; por lo que solicitar\u00e1n que generen o permitan las condiciones para que el espacio pueda ser intervenido y denominado como zona arqueol\u00f3gica.<\/p>\n\n\n\n<p>&#8220;Lamentablemente los tiempos de respuesta del INAH no tienen t\u00e9rminos, por lo que como en esta ocasi\u00f3n pueden tardar a\u00f1os en hacer su trabajo, incluso eso nos permitir\u00e1 trabajar en una reforma a la ley de cultura para obligarlos a responder con tiempos definidos&#8221;, apunt\u00f3 Carlos Lara.<\/p>\n","protected":false},"excerpt":{"rendered":"<p>Despu\u00e9s de tres a\u00f1os de que la Asociaci\u00f3n Civil Niebla y Tiempo solicitara a las autoridades federales la declaratoria de zona arqueol\u00f3gica para Huapalcalco, y al no recibir respuesta positiva hasta el momento, dicha asociaci\u00f3n, presidida por Montserrat Barrag\u00e1n, decidi\u00f3 promover un amparo al respecto, a trav\u00e9s de un despacho de abogados especializado. Los encargados [&hellip;]<\/p>\n","protected":false},"author":70,"featured_media":151294,"comment_status":"closed","ping_status":"open","sticky":false,"template":"","format":"standard","meta":{"footnotes":""},"categories":[40],"tags":[],"class_list":["post-151278","post","type-post","status-publish","format-standard","has-post-thumbnail","hentry","category-region"],"_links":{"self":[{"href":"https:\/\/plazajuarez.mx\/historico\/wp-json\/wp\/v2\/posts\/151278","targetHints":{"allow":["GET"]}}],"collection":[{"href":"https:\/\/plazajuarez.mx\/historico\/wp-json\/wp\/v2\/posts"}],"about":[{"href":"https:\/\/plazajuarez.mx\/historico\/wp-json\/wp\/v2\/types\/post"}],"author":[{"embeddable":true,"href":"https:\/\/plazajuarez.mx\/historico\/wp-json\/wp\/v2\/users\/70"}],"replies":[{"embeddable":true,"href":"https:\/\/plazajuarez.mx\/historico\/wp-json\/wp\/v2\/comments?post=151278"}],"version-history":[{"count":0,"href":"https:\/\/plazajuarez.mx\/historico\/wp-json\/wp\/v2\/posts\/151278\/revisions"}],"wp:featuredmedia":[{"embeddable":true,"href":"https:\/\/plazajuarez.mx\/historico\/wp-json\/wp\/v2\/media\/151294"}],"wp:attachment":[{"href":"https:\/\/plazajuarez.mx\/historico\/wp-json\/wp\/v2\/media?parent=151278"}],"wp:term":[{"taxonomy":"category","embeddable":true,"href":"https:\/\/plazajuarez.mx\/historico\/wp-json\/wp\/v2\/categories?post=151278"},{"taxonomy":"post_tag","embeddable":true,"href":"https:\/\/plazajuarez.mx\/historico\/wp-json\/wp\/v2\/tags?post=151278"}],"curies":[{"name":"wp","href":"https:\/\/api.w.org\/{rel}","templated":true}]}}