{"id":151103,"date":"2021-02-03T09:14:44","date_gmt":"2021-02-03T15:14:44","guid":{"rendered":"https:\/\/plazajuarez.mx\/?p=151103"},"modified":"2021-02-03T09:14:57","modified_gmt":"2021-02-03T15:14:57","slug":"narco-se-empodera-en-el-sur-de-santiago-de-chile","status":"publish","type":"post","link":"https:\/\/plazajuarez.mx\/historico\/narco-se-empodera-en-el-sur-de-santiago-de-chile\/","title":{"rendered":"Narco se empodera en el sur de Santiago de Chile"},"content":{"rendered":"\n<p>EFE.- Los m\u00e1s peque\u00f1os ya se han aprendido los c\u00f3digos de la calle en algunas poblaciones de la periferia sur de Santiago de Chile. Cada vez que escuchan fuegos artificiales o petardos, saben que deben volver a casa: un nuevo cargamento de droga ha llegado. Hay que buscar cobijo.<\/p>\n\n\n\n<p>&#8220;No podemos normalizar que nuestros ni\u00f1os se tengan que esconder porque viene droga&#8221;, denunci\u00f3 un vecino de Maip\u00fa, una localidad al suroeste de la capital.<\/p>\n\n\n\n<p>Son zonas que est\u00e1n a merced de los ajustes de cuentas entre bandas rivales, con tiroteos a la luz del d\u00eda y donde se ha convertido casi en un h\u00e1bito celebrar &#8220;narcofunerales&#8221;, que se anuncian con r\u00e1fagas al aire de armas autom\u00e1ticas y mantienen en vilo a los vecinos.<\/p>\n\n\n\n<p>&#8220;El panorama es preocupante&#8221;, reconoci\u00f3 el director de la Unidad Especializada en Tr\u00e1fico Il\u00edcito de Estupefacientes del Ministerio P\u00fablico, Luis Toledo, quien a\u00f1adi\u00f3 que en los \u00faltimos tiempos est\u00e1n surgiendo adem\u00e1s delitos m\u00e1s propios de otros pa\u00edses con mayor narcoviolencia, como el sicariato.<\/p>\n","protected":false},"excerpt":{"rendered":"<p>EFE.- Los m\u00e1s peque\u00f1os ya se han aprendido los c\u00f3digos de la calle en algunas poblaciones de la periferia sur de Santiago de Chile. Cada vez que escuchan fuegos artificiales o petardos, saben que deben volver a casa: un nuevo cargamento de droga ha llegado. Hay que buscar cobijo. &#8220;No podemos normalizar que nuestros ni\u00f1os [&hellip;]<\/p>\n","protected":false},"author":80,"featured_media":151104,"comment_status":"closed","ping_status":"open","sticky":false,"template":"","format":"standard","meta":{"footnotes":""},"categories":[31],"tags":[],"class_list":["post-151103","post","type-post","status-publish","format-standard","has-post-thumbnail","hentry","category-orbe"],"_links":{"self":[{"href":"https:\/\/plazajuarez.mx\/historico\/wp-json\/wp\/v2\/posts\/151103","targetHints":{"allow":["GET"]}}],"collection":[{"href":"https:\/\/plazajuarez.mx\/historico\/wp-json\/wp\/v2\/posts"}],"about":[{"href":"https:\/\/plazajuarez.mx\/historico\/wp-json\/wp\/v2\/types\/post"}],"author":[{"embeddable":true,"href":"https:\/\/plazajuarez.mx\/historico\/wp-json\/wp\/v2\/users\/80"}],"replies":[{"embeddable":true,"href":"https:\/\/plazajuarez.mx\/historico\/wp-json\/wp\/v2\/comments?post=151103"}],"version-history":[{"count":0,"href":"https:\/\/plazajuarez.mx\/historico\/wp-json\/wp\/v2\/posts\/151103\/revisions"}],"wp:featuredmedia":[{"embeddable":true,"href":"https:\/\/plazajuarez.mx\/historico\/wp-json\/wp\/v2\/media\/151104"}],"wp:attachment":[{"href":"https:\/\/plazajuarez.mx\/historico\/wp-json\/wp\/v2\/media?parent=151103"}],"wp:term":[{"taxonomy":"category","embeddable":true,"href":"https:\/\/plazajuarez.mx\/historico\/wp-json\/wp\/v2\/categories?post=151103"},{"taxonomy":"post_tag","embeddable":true,"href":"https:\/\/plazajuarez.mx\/historico\/wp-json\/wp\/v2\/tags?post=151103"}],"curies":[{"name":"wp","href":"https:\/\/api.w.org\/{rel}","templated":true}]}}