{"id":151030,"date":"2021-02-02T17:15:10","date_gmt":"2021-02-02T23:15:10","guid":{"rendered":"https:\/\/plazajuarez.mx\/?p=151030"},"modified":"2021-02-02T17:15:22","modified_gmt":"2021-02-02T23:15:22","slug":"explosion-de-cisterna-de-gas-deja-ocho-heridos-en-mercado-de-ciudad-de-mexico","status":"publish","type":"post","link":"https:\/\/plazajuarez.mx\/historico\/explosion-de-cisterna-de-gas-deja-ocho-heridos-en-mercado-de-ciudad-de-mexico\/","title":{"rendered":"Explosi\u00f3n de cisterna de gas deja ocho heridos en mercado de Ciudad de M\u00e9xico"},"content":{"rendered":"\n<p>La explosi\u00f3n de una pipa (cisterna) de gas provoc\u00f3 este martes un incendio en el Mercado de Jamaica, el sitio de venta de flores m\u00e1s conocido de la Ciudad de M\u00e9xico, que dej\u00f3 ocho lesionados y varios da\u00f1os materiales, seg\u00fan informaron autoridades de Protecci\u00f3n Civil.<\/p>\n\n\n\n<p>\u201cNo hay decesos, hay solo ocho heridos leves y el cuerpo de bomberos control\u00f3 ya la situaci\u00f3n\u201d, afirm\u00f3 en conferencia de prensa la jefa de Gobierno capitalina, Claudia Sheinbaum.<\/p>\n\n\n\n<p>De acuerdo con la secretaria de Protecci\u00f3n Civil de la capital mexicana, Myriam Urz\u00faa, los hechos ocurrieron&nbsp;la ma\u00f1ana del martes, cuando explot\u00f3 una pipa que abastec\u00eda un negocio en calles cercanas al mercado.<\/p>\n\n\n\n<p>Debido a ello, al menos ocho personas resultaron lesionadas, aunque ninguna tuvo que ser trasladada al hospital, y 600 personas, entre vecinos y comerciantes que se encontraban cerca de la zona del incendio, tuvieron que ser evacuadas.<\/p>\n\n\n\n<p>Urz\u00faa se\u00f1al\u00f3 que el incendio fue apagado minutos despu\u00e9s, sin embargo, afect\u00f3 a al menos cuatro locales del mercado, otros tres locales en las calles, dos viviendas y dos veh\u00edculos.<\/p>\n\n\n\n<figure class=\"wp-block-image size-large\"><img loading=\"lazy\" decoding=\"async\" width=\"899\" height=\"608\" src=\"https:\/\/plazajuarez.mx\/historico\/historico\/wp-content\/uploads\/2021\/02\/explosion-1.jpg\" alt=\"\" class=\"wp-image-151032\" srcset=\"https:\/\/plazajuarez.mx\/historico\/wp-content\/uploads\/2021\/02\/explosion-1.jpg 899w, https:\/\/plazajuarez.mx\/historico\/wp-content\/uploads\/2021\/02\/explosion-1-768x519.jpg 768w, https:\/\/plazajuarez.mx\/historico\/wp-content\/uploads\/2021\/02\/explosion-1-364x245.jpg 364w, https:\/\/plazajuarez.mx\/historico\/wp-content\/uploads\/2021\/02\/explosion-1-80x54.jpg 80w, https:\/\/plazajuarez.mx\/historico\/wp-content\/uploads\/2021\/02\/explosion-1-130x87.jpg 130w, https:\/\/plazajuarez.mx\/historico\/wp-content\/uploads\/2021\/02\/explosion-1-85x57.jpg 85w, https:\/\/plazajuarez.mx\/historico\/wp-content\/uploads\/2021\/02\/explosion-1-266x179.jpg 266w, https:\/\/plazajuarez.mx\/historico\/wp-content\/uploads\/2021\/02\/explosion-1-112x75.jpg 112w, https:\/\/plazajuarez.mx\/historico\/wp-content\/uploads\/2021\/02\/explosion-1-179x120.jpg 179w, https:\/\/plazajuarez.mx\/historico\/wp-content\/uploads\/2021\/02\/explosion-1-81x55.jpg 81w\" sizes=\"auto, (max-width: 899px) 100vw, 899px\" \/><figcaption><strong>FOTO: AGENCIA EFE<\/strong><\/figcaption><\/figure>\n\n\n\n<p>Asimismo, dijo que se har\u00e1 una investigaci\u00f3n sobre el conductor del cami\u00f3n cisterna y los responsables de la empresa para deslindar responsabilidades.<\/p>\n\n\n\n<p>En tanto, Sheinbaum se\u00f1al\u00f3 que dio instrucciones a las autoridades de Protecci\u00f3n Civil de la ciudad para que se instale una mesa de trabajo, la cual incluya a la Secretar\u00eda de Energ\u00eda, Petr\u00f3leos Mexicanos (Pemex), la Comisi\u00f3n Federal&nbsp; de Electricidad (CFE) y la Procuradur\u00eda Federal del Consumidor (Profeco) para tratar el tema de las pipas de gas, su regulaci\u00f3n y las medidas de protecci\u00f3n civil de&nbsp; las mismas.<\/p>\n\n\n\n<p>Para &#8220;regular que no ocurran estos incidentes en esta ciudad\u201d, destac\u00f3.<\/p>\n\n\n\n<p>Los incendios en los mercados de&nbsp;la capital del pa\u00eds fueron un tema de preocupaci\u00f3n en diciembre de 2019 y enero de 2021, luego de que varios de ellos registraran accidentes.<\/p>\n\n\n\n<p>Entre ellos, el Mercado de las Flores, el Abelardo R. Rodr\u00edguez, el de San Cosme, La Merced y el Morelos. Todos ellos muy concurridos.<\/p>\n\n\n\n<p>Especialmente aparatoso fue el incendio del popular mercado de La Merced del centro de la capital mexicana sucedido durante la Navidad de 2019 causando dos muertos y m\u00e1s de 600 locales destruidos.<\/p>\n\n\n\n<p>Trabajadores de diferentes mercados de la capital han alertado que muchas instalaciones el\u00e9ctricas de estos establecimientos se encuentran en mal estado, lo que incrementa el riesgo de que se desaten incendios.<\/p>\n","protected":false},"excerpt":{"rendered":"<p>La explosi\u00f3n de una pipa (cisterna) de gas provoc\u00f3 este martes un incendio en el Mercado de Jamaica, el sitio de venta de flores m\u00e1s conocido de la Ciudad de M\u00e9xico, que dej\u00f3 ocho lesionados y varios da\u00f1os materiales, seg\u00fan informaron autoridades de Protecci\u00f3n Civil. \u201cNo hay decesos, hay solo ocho heridos leves y el [&hellip;]<\/p>\n","protected":false},"author":80,"featured_media":151031,"comment_status":"closed","ping_status":"open","sticky":false,"template":"","format":"standard","meta":{"footnotes":""},"categories":[37,15],"tags":[],"class_list":["post-151030","post","type-post","status-publish","format-standard","has-post-thumbnail","hentry","category-barandilla","category-destacadas"],"_links":{"self":[{"href":"https:\/\/plazajuarez.mx\/historico\/wp-json\/wp\/v2\/posts\/151030","targetHints":{"allow":["GET"]}}],"collection":[{"href":"https:\/\/plazajuarez.mx\/historico\/wp-json\/wp\/v2\/posts"}],"about":[{"href":"https:\/\/plazajuarez.mx\/historico\/wp-json\/wp\/v2\/types\/post"}],"author":[{"embeddable":true,"href":"https:\/\/plazajuarez.mx\/historico\/wp-json\/wp\/v2\/users\/80"}],"replies":[{"embeddable":true,"href":"https:\/\/plazajuarez.mx\/historico\/wp-json\/wp\/v2\/comments?post=151030"}],"version-history":[{"count":0,"href":"https:\/\/plazajuarez.mx\/historico\/wp-json\/wp\/v2\/posts\/151030\/revisions"}],"wp:featuredmedia":[{"embeddable":true,"href":"https:\/\/plazajuarez.mx\/historico\/wp-json\/wp\/v2\/media\/151031"}],"wp:attachment":[{"href":"https:\/\/plazajuarez.mx\/historico\/wp-json\/wp\/v2\/media?parent=151030"}],"wp:term":[{"taxonomy":"category","embeddable":true,"href":"https:\/\/plazajuarez.mx\/historico\/wp-json\/wp\/v2\/categories?post=151030"},{"taxonomy":"post_tag","embeddable":true,"href":"https:\/\/plazajuarez.mx\/historico\/wp-json\/wp\/v2\/tags?post=151030"}],"curies":[{"name":"wp","href":"https:\/\/api.w.org\/{rel}","templated":true}]}}