{"id":150946,"date":"2021-02-02T08:23:19","date_gmt":"2021-02-02T14:23:19","guid":{"rendered":"https:\/\/plazajuarez.mx\/?p=150946"},"modified":"2021-02-02T08:23:33","modified_gmt":"2021-02-02T14:23:33","slug":"rayados-de-monterrey-buscara-la-revancha-frente-a-la-franja-del-puebla","status":"publish","type":"post","link":"https:\/\/plazajuarez.mx\/historico\/rayados-de-monterrey-buscara-la-revancha-frente-a-la-franja-del-puebla\/","title":{"rendered":"Rayados de Monterrey buscar\u00e1 la revancha frente a la Franja del  Puebla"},"content":{"rendered":"\n<p class=\"wp-block-paragraph\">El Puebla recibe&nbsp; hoy a los Rayados de Monterrey en el estadio Cuauht\u00e9moc dentro de la jornada 4 del Torneo Guard1anes 2021.<\/p>\n\n\n\n<p class=\"wp-block-paragraph\"><br>El duelo, que originalmente estaba programado para el viernes 29 de enero, tuvo que ser aplazado luego de que los Rayados confirmaron que 11 jugadores dieron positivo a coronavirus despu\u00e9s de su partido frente al Am\u00e9rica en la jornada 2.<\/p>\n\n\n\n<p class=\"wp-block-paragraph\"><br>El equipo dirigido por Javier Aguirre tambi\u00e9n tiene pendiente su encuentro frente al Le\u00f3n, actual campe\u00f3n del torneo mexicano, a quienes enfrentar\u00e1n hasta el pr\u00f3ximo 10 de marzo.<\/p>\n\n\n\n<p class=\"wp-block-paragraph\"><br>Nicol\u00e1s Larcam\u00f3n, estratega de la Franja, extern\u00f3 su molestia ante la reprogramaci\u00f3n del partido, pues en una misma semana, deber\u00e1n disputar dos encuentros con tan solo 4 d\u00edas de diferencia.<\/p>\n","protected":false},"excerpt":{"rendered":"<p>El Puebla recibe&nbsp; hoy a los Rayados de Monterrey en el estadio Cuauht\u00e9moc dentro de la jornada 4 del Torneo Guard1anes 2021. El duelo, que originalmente estaba programado para el viernes 29 de enero, tuvo que ser aplazado luego de que los Rayados confirmaron que 11 jugadores dieron positivo a coronavirus despu\u00e9s de su partido [&hellip;]<\/p>\n","protected":false},"author":81,"featured_media":150947,"comment_status":"closed","ping_status":"open","sticky":false,"template":"","format":"standard","meta":{"footnotes":""},"categories":[39],"tags":[],"class_list":["post-150946","post","type-post","status-publish","format-standard","has-post-thumbnail","hentry","category-deportiva"],"_links":{"self":[{"href":"https:\/\/plazajuarez.mx\/historico\/wp-json\/wp\/v2\/posts\/150946","targetHints":{"allow":["GET"]}}],"collection":[{"href":"https:\/\/plazajuarez.mx\/historico\/wp-json\/wp\/v2\/posts"}],"about":[{"href":"https:\/\/plazajuarez.mx\/historico\/wp-json\/wp\/v2\/types\/post"}],"author":[{"embeddable":true,"href":"https:\/\/plazajuarez.mx\/historico\/wp-json\/wp\/v2\/users\/81"}],"replies":[{"embeddable":true,"href":"https:\/\/plazajuarez.mx\/historico\/wp-json\/wp\/v2\/comments?post=150946"}],"version-history":[{"count":0,"href":"https:\/\/plazajuarez.mx\/historico\/wp-json\/wp\/v2\/posts\/150946\/revisions"}],"wp:featuredmedia":[{"embeddable":true,"href":"https:\/\/plazajuarez.mx\/historico\/wp-json\/wp\/v2\/media\/150947"}],"wp:attachment":[{"href":"https:\/\/plazajuarez.mx\/historico\/wp-json\/wp\/v2\/media?parent=150946"}],"wp:term":[{"taxonomy":"category","embeddable":true,"href":"https:\/\/plazajuarez.mx\/historico\/wp-json\/wp\/v2\/categories?post=150946"},{"taxonomy":"post_tag","embeddable":true,"href":"https:\/\/plazajuarez.mx\/historico\/wp-json\/wp\/v2\/tags?post=150946"}],"curies":[{"name":"wp","href":"https:\/\/api.w.org\/{rel}","templated":true}]}}