{"id":150938,"date":"2021-02-02T08:07:10","date_gmt":"2021-02-02T14:07:10","guid":{"rendered":"https:\/\/plazajuarez.mx\/?p=150938"},"modified":"2021-02-02T08:07:24","modified_gmt":"2021-02-02T14:07:24","slug":"participa-policia-de-genero-en-taller-internacional-sobre-policias-comunitarias","status":"publish","type":"post","link":"https:\/\/plazajuarez.mx\/historico\/participa-policia-de-genero-en-taller-internacional-sobre-policias-comunitarias\/","title":{"rendered":"Participa Polic\u00eda de G\u00e9nero en taller internacional sobre Polic\u00edas Comunitarias"},"content":{"rendered":"\n<p class=\"wp-block-paragraph\">Con el tema \u2018La Polic\u00eda Comunitaria con perspectiva de g\u00e9nero\u2019, la Secretar\u00eda de Seguridad P\u00fablica de Hidalgo represent\u00f3 a M\u00e9xico durante el desarrollo del taller internacional \u201cSharing the Philosophy of Community Policing with the Community\u201d (Compartiendo la Filosof\u00eda de la Polic\u00eda Comunitaria con la Comunidad), promovido por la Embajada de los Estados Unidos de Am\u00e9rica.<\/p>\n\n\n\n<p class=\"wp-block-paragraph\">Durante su ponencia, Ariadna Mart\u00ednez \u00c1ngeles, titular de la Unidad Policial Especializada de Prevenci\u00f3n, Protecci\u00f3n y Atenci\u00f3n a la Violencia de G\u00e9nero (PPAViG), destac\u00f3 la importancia de participar en esta actividad compartiendo las estrategias de acercamiento.<\/p>\n\n\n\n<p class=\"wp-block-paragraph\">Asegur\u00f3 que este intercambio cultural permite reforzar la proximidad social mediante un sentido m\u00e1s emp\u00e1tico para garantizar los derechos humanos de quienes sufren alg\u00fan tipo de violencia, para canalizarlas y recolectar sus denuncias sin ser revictimizadas, luchando siempre por la convivencia pac\u00edfica de las y los ciudadanos.<\/p>\n\n\n\n<p class=\"wp-block-paragraph\">\u201cEsos derechos se hacen valer bajo esas perspectivas y bajo reglamentos. Las Polic\u00edas en M\u00e9xico crean Instituciones Comunitarias, por lo que hoy los que nos desempe\u00f1amos como agentes de la Ley generamos acciones de proximidad con la poblaci\u00f3n\u201d, se\u00f1al\u00f3.<\/p>\n\n\n\n<p class=\"wp-block-paragraph\">Gracias a la visi\u00f3n del Gobierno de Omar Fayad, dijo, mediante la Estrategia Hidalgo Seguro, la imagen de las mujeres polic\u00eda ha sido m\u00e1s valorada, permitiendo que cada vez m\u00e1s mujeres ocupen puestos en la l\u00ednea de operaci\u00f3n como l\u00edderes, abriendo brechas para la equidad de g\u00e9nero.<\/p>\n","protected":false},"excerpt":{"rendered":"<p>Con el tema \u2018La Polic\u00eda Comunitaria con perspectiva de g\u00e9nero\u2019, la Secretar\u00eda de Seguridad P\u00fablica de Hidalgo represent\u00f3 a M\u00e9xico durante el desarrollo del taller internacional \u201cSharing the Philosophy of Community Policing with the Community\u201d (Compartiendo la Filosof\u00eda de la Polic\u00eda Comunitaria con la Comunidad), promovido por la Embajada de los Estados Unidos de Am\u00e9rica. [&hellip;]<\/p>\n","protected":false},"author":93,"featured_media":150939,"comment_status":"closed","ping_status":"open","sticky":false,"template":"","format":"standard","meta":{"footnotes":""},"categories":[37],"tags":[],"class_list":["post-150938","post","type-post","status-publish","format-standard","has-post-thumbnail","hentry","category-barandilla"],"_links":{"self":[{"href":"https:\/\/plazajuarez.mx\/historico\/wp-json\/wp\/v2\/posts\/150938","targetHints":{"allow":["GET"]}}],"collection":[{"href":"https:\/\/plazajuarez.mx\/historico\/wp-json\/wp\/v2\/posts"}],"about":[{"href":"https:\/\/plazajuarez.mx\/historico\/wp-json\/wp\/v2\/types\/post"}],"author":[{"embeddable":true,"href":"https:\/\/plazajuarez.mx\/historico\/wp-json\/wp\/v2\/users\/93"}],"replies":[{"embeddable":true,"href":"https:\/\/plazajuarez.mx\/historico\/wp-json\/wp\/v2\/comments?post=150938"}],"version-history":[{"count":0,"href":"https:\/\/plazajuarez.mx\/historico\/wp-json\/wp\/v2\/posts\/150938\/revisions"}],"wp:featuredmedia":[{"embeddable":true,"href":"https:\/\/plazajuarez.mx\/historico\/wp-json\/wp\/v2\/media\/150939"}],"wp:attachment":[{"href":"https:\/\/plazajuarez.mx\/historico\/wp-json\/wp\/v2\/media?parent=150938"}],"wp:term":[{"taxonomy":"category","embeddable":true,"href":"https:\/\/plazajuarez.mx\/historico\/wp-json\/wp\/v2\/categories?post=150938"},{"taxonomy":"post_tag","embeddable":true,"href":"https:\/\/plazajuarez.mx\/historico\/wp-json\/wp\/v2\/tags?post=150938"}],"curies":[{"name":"wp","href":"https:\/\/api.w.org\/{rel}","templated":true}]}}