{"id":15085,"date":"2015-12-26T15:30:41","date_gmt":"2015-12-26T15:30:41","guid":{"rendered":"http:\/\/plazajuarez.mx\/index\/index.php\/2015\/12\/26\/detienen-a-joven-por-llevar-mota-en-su-mochila\/"},"modified":"2015-12-26T15:30:41","modified_gmt":"2015-12-26T15:30:41","slug":"detienen-a-joven-por-llevar-mota-en-su-mochila","status":"publish","type":"post","link":"https:\/\/plazajuarez.mx\/historico\/detienen-a-joven-por-llevar-mota-en-su-mochila\/","title":{"rendered":"Detienen a joven por llevar \u201cmota\u201d en su mochila"},"content":{"rendered":"<p>En el municipio de Mineral de la Reforma, elementos de la Coordinaci\u00f3n de Seguridad Estatal detuvieron a un individuo que caminaba sobre la colonia La Calera, pero actuaba sospechosamente.<\/p>\n<p>  <!--more-->  <\/p>\n<p>\u00a0<\/p>\n<p>Y es que al notar la presencia de las autoridades, trat\u00f3 de darse a la fuga, por lo que los agentes realizaron una revisi\u00f3n de rutina. El joven se identific\u00f3 como Adri\u00e1n \u201cA\u201d, de 21 a\u00f1os de edad y portaba una mochila en cuyo interior llevaba una bolsa de pl\u00e1stico con cuatro envoltorios con aproximadamente 40 gramos de hierba verde con las caracter\u00edsticas propias de la marihuana. Al verse involucrado en el delito de posesi\u00f3n de droga, el hombre tuvo que ser arrestado y trasladado a las instalaciones de la Coordinaci\u00f3n de Seguridad Estatal, donde finalmente fue puesto a disposici\u00f3n de las autoridades que dar\u00e1n soluci\u00f3n a su situaci\u00f3n legal.<\/p>\n","protected":false},"excerpt":{"rendered":"<p>En el municipio de Mineral de la Reforma, elementos de la Coordinaci\u00f3n de Seguridad Estatal detuvieron a un individuo que caminaba sobre la colonia La Calera, pero actuaba sospechosamente.<\/p>\n","protected":false},"author":93,"featured_media":0,"comment_status":"open","ping_status":"open","sticky":false,"template":"","format":"standard","meta":{"footnotes":""},"categories":[37],"tags":[],"class_list":["post-15085","post","type-post","status-publish","format-standard","hentry","category-barandilla"],"_links":{"self":[{"href":"https:\/\/plazajuarez.mx\/historico\/wp-json\/wp\/v2\/posts\/15085","targetHints":{"allow":["GET"]}}],"collection":[{"href":"https:\/\/plazajuarez.mx\/historico\/wp-json\/wp\/v2\/posts"}],"about":[{"href":"https:\/\/plazajuarez.mx\/historico\/wp-json\/wp\/v2\/types\/post"}],"author":[{"embeddable":true,"href":"https:\/\/plazajuarez.mx\/historico\/wp-json\/wp\/v2\/users\/93"}],"replies":[{"embeddable":true,"href":"https:\/\/plazajuarez.mx\/historico\/wp-json\/wp\/v2\/comments?post=15085"}],"version-history":[{"count":0,"href":"https:\/\/plazajuarez.mx\/historico\/wp-json\/wp\/v2\/posts\/15085\/revisions"}],"wp:attachment":[{"href":"https:\/\/plazajuarez.mx\/historico\/wp-json\/wp\/v2\/media?parent=15085"}],"wp:term":[{"taxonomy":"category","embeddable":true,"href":"https:\/\/plazajuarez.mx\/historico\/wp-json\/wp\/v2\/categories?post=15085"},{"taxonomy":"post_tag","embeddable":true,"href":"https:\/\/plazajuarez.mx\/historico\/wp-json\/wp\/v2\/tags?post=15085"}],"curies":[{"name":"wp","href":"https:\/\/api.w.org\/{rel}","templated":true}]}}