{"id":150773,"date":"2021-01-31T06:00:00","date_gmt":"2021-01-31T12:00:00","guid":{"rendered":"https:\/\/plazajuarez.mx\/?p=150773"},"modified":"2021-01-30T22:31:51","modified_gmt":"2021-01-31T04:31:51","slug":"los-terremotos-danan-dos-pinaculos-de-la-catedral-espanola-de-granada","status":"publish","type":"post","link":"https:\/\/plazajuarez.mx\/historico\/los-terremotos-danan-dos-pinaculos-de-la-catedral-espanola-de-granada\/","title":{"rendered":"Los terremotos da\u00f1an dos pin\u00e1culos de la catedral espa\u00f1ola de Granada"},"content":{"rendered":"\n<p class=\"wp-block-paragraph\">(EFE).- Los terremotos que afectan a la ciudad espa\u00f1ola de Granada (sur) y su \u00e1rea metropolitana desde hace una semana han causado da\u00f1os en la fachada principal de la catedral, con un pin\u00e1culo partido y otro desprendido y ca\u00eddo al suelo.<\/p>\n\n\n\n<p class=\"wp-block-paragraph\">La zona ha sufrido m\u00e1s de 800 temblores desde principios de diciembre, cinco de m\u00e1s de 4 grados en la escala de Richter desde el s\u00e1bado pasado, lo que caus\u00f3 da\u00f1os materiales en inmuebles, aunque no estructurales, ni v\u00edctimas, pero s\u00ed gran inquietud en la poblaci\u00f3n.<\/p>\n\n\n\n<p class=\"wp-block-paragraph\">Seg\u00fan inform\u00f3 este s\u00e1bado el Arzobispado de Granada, los da\u00f1os se detectaron durante la revisi\u00f3n de este viernes para comprobar posibles efectos en este templo renacentista.<\/p>\n\n\n\n<p class=\"wp-block-paragraph\">Como medida preventiva, la zona permanece acordonada y continuar\u00e1 delimitada hasta que acaben los trabajos de revisi\u00f3n, comprobaci\u00f3n y consolidaci\u00f3n de los pr\u00f3ximos d\u00edas.<\/p>\n\n\n\n<p class=\"wp-block-paragraph\">Por el momento no se detectaron da\u00f1os mayores, ni en el exterior ni en el interior de la catedral, y contin\u00faan los trabajos de contenci\u00f3n y recuperaci\u00f3n.<\/p>\n\n\n\n<p class=\"wp-block-paragraph\">El arzobispado de Granada tambi\u00e9n comprob\u00f3 el estado de las iglesias ubicadas en los municipios del \u00e1rea metropolitana m\u00e1s afectados por los terremotos durante esta semana, aunque no se detectaron da\u00f1os estructurales; se mantiene cerrada la de La Encarnaci\u00f3n, en la localidad de Santa Fe, para comprobar sus revestimientos.<\/p>\n","protected":false},"excerpt":{"rendered":"<p>(EFE).- Los terremotos que afectan a la ciudad espa\u00f1ola de Granada (sur) y su \u00e1rea metropolitana desde hace una semana han causado da\u00f1os en la fachada principal de la catedral, con un pin\u00e1culo partido y otro desprendido y ca\u00eddo al suelo. La zona ha sufrido m\u00e1s de 800 temblores desde principios de diciembre, cinco de [&hellip;]<\/p>\n","protected":false},"author":80,"featured_media":150808,"comment_status":"closed","ping_status":"open","sticky":false,"template":"","format":"standard","meta":{"footnotes":""},"categories":[41],"tags":[],"class_list":["post-150773","post","type-post","status-publish","format-standard","has-post-thumbnail","hentry","category-arteria-cultural"],"_links":{"self":[{"href":"https:\/\/plazajuarez.mx\/historico\/wp-json\/wp\/v2\/posts\/150773","targetHints":{"allow":["GET"]}}],"collection":[{"href":"https:\/\/plazajuarez.mx\/historico\/wp-json\/wp\/v2\/posts"}],"about":[{"href":"https:\/\/plazajuarez.mx\/historico\/wp-json\/wp\/v2\/types\/post"}],"author":[{"embeddable":true,"href":"https:\/\/plazajuarez.mx\/historico\/wp-json\/wp\/v2\/users\/80"}],"replies":[{"embeddable":true,"href":"https:\/\/plazajuarez.mx\/historico\/wp-json\/wp\/v2\/comments?post=150773"}],"version-history":[{"count":0,"href":"https:\/\/plazajuarez.mx\/historico\/wp-json\/wp\/v2\/posts\/150773\/revisions"}],"wp:featuredmedia":[{"embeddable":true,"href":"https:\/\/plazajuarez.mx\/historico\/wp-json\/wp\/v2\/media\/150808"}],"wp:attachment":[{"href":"https:\/\/plazajuarez.mx\/historico\/wp-json\/wp\/v2\/media?parent=150773"}],"wp:term":[{"taxonomy":"category","embeddable":true,"href":"https:\/\/plazajuarez.mx\/historico\/wp-json\/wp\/v2\/categories?post=150773"},{"taxonomy":"post_tag","embeddable":true,"href":"https:\/\/plazajuarez.mx\/historico\/wp-json\/wp\/v2\/tags?post=150773"}],"curies":[{"name":"wp","href":"https:\/\/api.w.org\/{rel}","templated":true}]}}