{"id":150772,"date":"2021-01-31T06:00:00","date_gmt":"2021-01-31T12:00:00","guid":{"rendered":"https:\/\/plazajuarez.mx\/?p=150772"},"modified":"2021-01-31T07:48:37","modified_gmt":"2021-01-31T13:48:37","slug":"hallaron-a-un-hombre-decapitado-con-narcomensaje","status":"publish","type":"post","link":"https:\/\/plazajuarez.mx\/historico\/hallaron-a-un-hombre-decapitado-con-narcomensaje\/","title":{"rendered":"Hallaron a un hombre decapitado con narcomensaje"},"content":{"rendered":"\n<p class=\"wp-block-paragraph\">Este s\u00e1bado, durante primeras horas del d\u00eda, se hall\u00f3 el cuerpo de un hombre decapitado en la comunidad de San Francisco municipio de Tecozautla, con huellas de tortura; se expuso que al cierre de esta edici\u00f3n, el cad\u00e1ver se encontraba como desconocido.<\/p>\n\n\n\n<p class=\"wp-block-paragraph\">Cabe recordar que en \u00faltimas fechas, dicha demarcaci\u00f3n se ha visto afectada por cuestiones de seguridad, por lo cu\u00e1l se exhort\u00f3 a que la poblaci\u00f3n denuncie los actos que consideren delictivos.<\/p>\n","protected":false},"excerpt":{"rendered":"<p>Este s\u00e1bado, durante primeras horas del d\u00eda, se hall\u00f3 el cuerpo de un hombre decapitado en la comunidad de San Francisco municipio de Tecozautla, con huellas de tortura; se expuso que al cierre de esta edici\u00f3n, el cad\u00e1ver se encontraba como desconocido. Cabe recordar que en \u00faltimas fechas, dicha demarcaci\u00f3n se ha visto afectada por [&hellip;]<\/p>\n","protected":false},"author":93,"featured_media":150806,"comment_status":"closed","ping_status":"open","sticky":false,"template":"","format":"standard","meta":{"footnotes":""},"categories":[37],"tags":[],"class_list":["post-150772","post","type-post","status-publish","format-standard","has-post-thumbnail","hentry","category-barandilla"],"_links":{"self":[{"href":"https:\/\/plazajuarez.mx\/historico\/wp-json\/wp\/v2\/posts\/150772","targetHints":{"allow":["GET"]}}],"collection":[{"href":"https:\/\/plazajuarez.mx\/historico\/wp-json\/wp\/v2\/posts"}],"about":[{"href":"https:\/\/plazajuarez.mx\/historico\/wp-json\/wp\/v2\/types\/post"}],"author":[{"embeddable":true,"href":"https:\/\/plazajuarez.mx\/historico\/wp-json\/wp\/v2\/users\/93"}],"replies":[{"embeddable":true,"href":"https:\/\/plazajuarez.mx\/historico\/wp-json\/wp\/v2\/comments?post=150772"}],"version-history":[{"count":0,"href":"https:\/\/plazajuarez.mx\/historico\/wp-json\/wp\/v2\/posts\/150772\/revisions"}],"wp:featuredmedia":[{"embeddable":true,"href":"https:\/\/plazajuarez.mx\/historico\/wp-json\/wp\/v2\/media\/150806"}],"wp:attachment":[{"href":"https:\/\/plazajuarez.mx\/historico\/wp-json\/wp\/v2\/media?parent=150772"}],"wp:term":[{"taxonomy":"category","embeddable":true,"href":"https:\/\/plazajuarez.mx\/historico\/wp-json\/wp\/v2\/categories?post=150772"},{"taxonomy":"post_tag","embeddable":true,"href":"https:\/\/plazajuarez.mx\/historico\/wp-json\/wp\/v2\/tags?post=150772"}],"curies":[{"name":"wp","href":"https:\/\/api.w.org\/{rel}","templated":true}]}}