{"id":150755,"date":"2021-01-30T18:34:43","date_gmt":"2021-01-31T00:34:43","guid":{"rendered":"https:\/\/plazajuarez.mx\/?p=150755"},"modified":"2021-01-30T18:34:54","modified_gmt":"2021-01-31T00:34:54","slug":"director-general-del-imss-y-gobernador-de-hidalgo-revisan-estrategia-para-atender-pandemia-por-covid-19","status":"publish","type":"post","link":"https:\/\/plazajuarez.mx\/historico\/director-general-del-imss-y-gobernador-de-hidalgo-revisan-estrategia-para-atender-pandemia-por-covid-19\/","title":{"rendered":"Director general del IMSS y gobernador de Hidalgo revisan estrategia para atender pandemia por COVID-19"},"content":{"rendered":"\n<p class=\"wp-block-paragraph\">El director general del Instituto Mexicano del Seguro Social (IMSS), maestro Zo\u00e9 Robledo, y el gobernador del estado de Hidalgo, Omar Fayad Meneses, sostuvieron una reuni\u00f3n de trabajo para revisar la reconversi\u00f3n de camas hospitalarias para atender enfermos por Covid-19, proyecciones de la curva epidemiol\u00f3gica, estrategia sectorial del proceso de vacunaci\u00f3n y acuerdos para proyectos de infraestructura hospitalaria.<\/p>\n\n\n\n<p class=\"wp-block-paragraph\">Posteriormente el director general del Seguro Social y el mandatario estatal revisaron el avance de las obras del Hospital General de Zona (HGZ) No. 36 en Pachuca; as\u00ed como una supervisi\u00f3n al \u00c1rea Covid que tendr\u00e1 una capacidad de 67 camas para la atenci\u00f3n de pacientes convalecientes por esta enfermedad.&nbsp;<\/p>\n\n\n\n<p class=\"wp-block-paragraph\">Dicho espacio contar\u00e1 con 299 trabajadores de la salud para recibir a pacientes referidos de alguna de las unidades de atenci\u00f3n Covid del estado: Tulancingo, Tepeji del R\u00edo de Ocampo, Tula, Pachuca, Ciudad Sahag\u00fan y Tizayuca.&nbsp;<\/p>\n\n\n\n<p class=\"wp-block-paragraph\">Las obras del \u00e1rea de expansi\u00f3n del HGZ No. 36 se encuentran en su etapa final de construcci\u00f3n y se prev\u00e9 que en pr\u00f3ximos d\u00edas entre en funciones.<\/p>\n\n\n\n<p class=\"wp-block-paragraph\">Zo\u00e9 Robledo indic\u00f3 que ante el incremento de contagios que ha habido en Hidalgo y el aumento de casos que han requerido hospitalizaci\u00f3n, se tom\u00f3 la decisi\u00f3n de utilizar la misma estrategia que el Instituto ha llevado a cabo en Ciudad Acu\u00f1a, Tapachula, Bah\u00eda de Banderas y en la Ciudad de M\u00e9xico, que es antes de inaugurar o pensar en la operaci\u00f3n plena del hospital, habilitar camas para que atiendan a pacientes con Covid-19.<\/p>\n\n\n\n<p class=\"wp-block-paragraph\">\u201cCreemos que lo mejor que puede hacerse con obras nuevas no es inaugurarlas, sino ponerlas al servicio de la poblaci\u00f3n en este contexto que estamos viviendo con la pandemia de Covid-19\u201d, refiri\u00f3.<\/p>\n\n\n\n<p class=\"wp-block-paragraph\">Por su parte, el gobernador Omar Fayad consider\u00f3 que la infraestructura hospitalaria es un proyecto que demuestra la cercana y eficiente colaboraci\u00f3n entre el Gobierno de M\u00e9xico y el de Hidalgo. Adem\u00e1s, representa una acci\u00f3n adicional del Operativo Escudo, que a la fecha est\u00e1 integrado por m\u00e1s de 30 medidas sanitarias, dise\u00f1adas para proteger la salud de la poblaci\u00f3n hidalguense.<\/p>\n\n\n\n<p class=\"wp-block-paragraph\">El \u00c1rea Covid del Hospital General de Zona (HGZ) No. 36 en Pachucase suma a los esfuerzos de la Unidad de Recuperaci\u00f3n Covid-19 del Hospital General, Campus Arista, puesta en marcha en julio del a\u00f1o anterior, espacio que cuenta con 20 camas y tuvo una inversi\u00f3n de 3 millones de pesos.<\/p>\n\n\n\n<p class=\"wp-block-paragraph\">Para el gobernador Fayad la coordinaci\u00f3n es la base del trabajo estrecho y eficiente que mantiene con el Gobierno de M\u00e9xico y las administraciones municipales, en beneficio de la poblaci\u00f3n. Muestra de ello es la operaci\u00f3n de cuatro Hospitales de Respuesta Inmediata Covid-19 en Metztitl\u00e1n, Huichapan, Zimap\u00e1n y el alterno de Pachuca en alianza con la Secretar\u00eda de la Defensa Nacional y el Instituto de Salud para el Bienestar.<\/p>\n\n\n\n<p class=\"wp-block-paragraph\">Al finalizar el recorrido de supervisi\u00f3n, Fayad pidi\u00f3 el director general del IMSS ser el portavoz de los deseos del pueblo hidalguense de que el presidente Andr\u00e9s Manuel L\u00f3pez Obrador tenga pronta recuperaci\u00f3n.<\/p>\n\n\n\n<p class=\"wp-block-paragraph\">De igual forma, reiter\u00f3 el agradecimiento por la asignaci\u00f3n del primer lote de vacunas para inmunizar al personal del sector salud que se encuentra en la primera l\u00ednea de batalla contra el SARS-CoV-2.<\/p>\n\n\n\n<center><iframe loading=\"lazy\" src=\"https:\/\/www.facebook.com\/plugins\/post.php?href=https%3A%2F%2Fwww.facebook.com%2Fomarfayadmeneses%2Fposts%2F2803540849858225&#038;width=500&#038;show_text=true&#038;height=790&#038;appId\" width=\"500\" height=\"790\" style=\"border:none;overflow:hidden\" scrolling=\"no\" frameborder=\"0\" allowfullscreen=\"true\" allow=\"autoplay; clipboard-write; encrypted-media; picture-in-picture; web-share\"><\/iframe><\/center>\n\n\n\n<p class=\"wp-block-paragraph\"><strong><em>Datos del HGZ No. 36<\/em><\/strong><\/p>\n\n\n\n<p class=\"wp-block-paragraph\">Contar\u00e1 con una capacidad instalada de 170 camas censables, 44 para especialidades y siete quir\u00f3fanos. Para el \u00c1rea COVID son 67 camas, se adecuaron rutas de acceso de pacientes y personal m\u00e9dico para confinar el \u00c1rea COVID, a fin de evitar el cruce de circulaci\u00f3n con los trabajadores que realizan las obras del HGZ.<\/p>\n\n\n\n<p class=\"wp-block-paragraph\">La superficie del \u00c1rea COVID-19 es de 5 mil 441 metros cuadrados, distribuido en planta baja con: consultorios,&nbsp; farmacia, acceso a tococirug\u00eda, observaci\u00f3n menores, observaci\u00f3n adultos, jefe de servicio (RPBI, aseo y secretaria), ginecobstetricia de alto riesgo, jefe de tococirug\u00eda, pasillo de circulaci\u00f3n t\u00e9cnica, cuartos de labor 1-10, cuarto de choque 1 y 2, observaci\u00f3n intermedia corta, curaciones y yesos, y sanitarios.<\/p>\n\n\n\n<p class=\"wp-block-paragraph\">Adem\u00e1s del s\u00f3tano, donde se encuentra un almac\u00e9n general, ba\u00f1o &#8211; vestidor del personal, anatom\u00eda patol\u00f3gica, RPBI, identificaci\u00f3n de cuerpos y refrigeraci\u00f3n, atenci\u00f3n deudos, ba\u00f1o y vestidor), oficinas de apoyo administrativo con m\u00f3dulo de personal y abasto nutrici\u00f3n.<\/p>\n\n\n\n<p class=\"wp-block-paragraph\">La unidad hospitalaria beneficiar\u00e1 a una poblaci\u00f3n de 170 mil derechohabientes, a m\u00e1s de 80 municipios y permitir\u00e1 la despresurizaci\u00f3n de hospitales en la Ciudad de M\u00e9xico y Estado de M\u00e9xico.&nbsp;<\/p>\n\n\n\n<p class=\"wp-block-paragraph\">Acudieron por parte del IMSS el doctor V\u00edctor Hugo Borja Aburto, director de Prestaciones M\u00e9dicas; Luisa Obrador Garrido Cuesta, encargada de despacho de la Direcci\u00f3n de Vinculaci\u00f3n Institucional y Evaluaci\u00f3n de Delegaciones; doctora Gisela Lara Salda\u00f1a, titular de la Unidad del Programa IMSS-BIENESTAR;doctor Fernando L\u00f3pez G\u00f3mez, encargado de Despacho de la representaci\u00f3n del IMSS en Hidalgo.<\/p>\n\n\n\n<p class=\"wp-block-paragraph\">Adem\u00e1s, la doctora Asa Christina Laurell, directora de planeaci\u00f3n Estrat\u00e9gica Institucional; Arquitecto Juan Manuel Delgado Garc\u00eda, coordinador de Infraestructura Inmobiliaria;doctor Alejandro Vargas Garc\u00eda, coordinador de Planeaci\u00f3n y An\u00e1lisis de la Direcci\u00f3n de Planeaci\u00f3n Estrat\u00e9gica Institucional;doctor Juan Dar\u00edo Islas Cerna, titular de la Jefatura de Servicios de Prestaciones M\u00e9dicas en el IMSS en Hidalgo;doctor Andr\u00e9s Manuel Cortes Ru\u00edz, director del Hospital General de Zona (HGZ) No. 36 Pachuca de Soto.<\/p>\n\n\n\n<p class=\"wp-block-paragraph\">Tambi\u00e9n, doctor Alejandro Efra\u00edn Ben\u00edtez Herrera, secretario de Salud del gobierno de Hidalgo; doctor Jaime Vel\u00e1zquez Zaleta, secretario general de la Secci\u00f3n XXII del Sindicato Nacional de Trabajadores del Seguro Social (SNTSS) Hidalgo;ingeniero Sergio Ba\u00f1os Rubio, presidente municipal de Pachuca de Soto; licenciado Israel F\u00e9lix Soto, presidente municipal de Mineral de la Reforma.<\/p>\n","protected":false},"excerpt":{"rendered":"<p>El director general del Instituto Mexicano del Seguro Social (IMSS), maestro Zo\u00e9 Robledo, y el gobernador del estado de Hidalgo, Omar Fayad Meneses, sostuvieron una reuni\u00f3n de trabajo para revisar la reconversi\u00f3n de camas hospitalarias para atender enfermos por Covid-19, proyecciones de la curva epidemiol\u00f3gica, estrategia sectorial del proceso de vacunaci\u00f3n y acuerdos para proyectos [&hellip;]<\/p>\n","protected":false},"author":93,"featured_media":150756,"comment_status":"closed","ping_status":"open","sticky":false,"template":"","format":"standard","meta":{"footnotes":""},"categories":[15,59],"tags":[],"class_list":["post-150755","post","type-post","status-publish","format-standard","has-post-thumbnail","hentry","category-destacadas","category-general"],"_links":{"self":[{"href":"https:\/\/plazajuarez.mx\/historico\/wp-json\/wp\/v2\/posts\/150755","targetHints":{"allow":["GET"]}}],"collection":[{"href":"https:\/\/plazajuarez.mx\/historico\/wp-json\/wp\/v2\/posts"}],"about":[{"href":"https:\/\/plazajuarez.mx\/historico\/wp-json\/wp\/v2\/types\/post"}],"author":[{"embeddable":true,"href":"https:\/\/plazajuarez.mx\/historico\/wp-json\/wp\/v2\/users\/93"}],"replies":[{"embeddable":true,"href":"https:\/\/plazajuarez.mx\/historico\/wp-json\/wp\/v2\/comments?post=150755"}],"version-history":[{"count":0,"href":"https:\/\/plazajuarez.mx\/historico\/wp-json\/wp\/v2\/posts\/150755\/revisions"}],"wp:featuredmedia":[{"embeddable":true,"href":"https:\/\/plazajuarez.mx\/historico\/wp-json\/wp\/v2\/media\/150756"}],"wp:attachment":[{"href":"https:\/\/plazajuarez.mx\/historico\/wp-json\/wp\/v2\/media?parent=150755"}],"wp:term":[{"taxonomy":"category","embeddable":true,"href":"https:\/\/plazajuarez.mx\/historico\/wp-json\/wp\/v2\/categories?post=150755"},{"taxonomy":"post_tag","embeddable":true,"href":"https:\/\/plazajuarez.mx\/historico\/wp-json\/wp\/v2\/tags?post=150755"}],"curies":[{"name":"wp","href":"https:\/\/api.w.org\/{rel}","templated":true}]}}