{"id":15071,"date":"2015-12-23T15:32:16","date_gmt":"2015-12-23T15:32:16","guid":{"rendered":"http:\/\/plazajuarez.mx\/index\/index.php\/2015\/12\/23\/miss-universo-2015-seria-novia-de-presidente-filipino-video-aviva-las-dudas\/"},"modified":"2015-12-23T15:32:16","modified_gmt":"2015-12-23T15:32:16","slug":"miss-universo-2015-seria-novia-de-presidente-filipino-video-aviva-las-dudas","status":"publish","type":"post","link":"https:\/\/plazajuarez.mx\/historico\/miss-universo-2015-seria-novia-de-presidente-filipino-video-aviva-las-dudas\/","title":{"rendered":"Miss Universo 2015 ser\u00eda novia de presidente filipino; video aviva las dudas"},"content":{"rendered":"<p>Luego del tremendo esc\u00e1ndalo que se suscit\u00f3 en la final de Miss Universo, cuando el conductor del certamen coron\u00f3 a Miss Colombia en vez de a Miss Filipinas, otra pol\u00e9mica se destapa relacionada con la ganadora real.<\/p>\n<p>  <!--more-->  <\/p>\n<p>\u00a0<\/p>\n<p>Seg\u00fan informa el medio South China Morning Post, la ganadora mantiene un supuesto romance con el presidente de Filipinas, Benigno Aquino III.<\/p>\n<p>Hasta el momento ni el mandatario, ni la mujer m\u00e1s bella del universo han confirmado ni desmentido nada, respecto a esa versi\u00f3n.<\/p>\n<p>Sin embargo, Antena3 se\u00f1ala que Pia Alonzo Wurtzbach en una entrevista dej\u00f3 entrever que tienen una cercana relaci\u00f3n con el presidente al declarar que hablan con frecuencia y que es \u201cun hombre muy divertido y muy gracioso\u201d.<\/p>\n<p>Cuando le cuestionaron a Pia sobre el nivel de intimidad de su relaci\u00f3n ella contest\u00f3: \u201c\u00c9l est\u00e1 muy ocupado con el pa\u00eds y yo con Miss Universo\u201d.<\/p>\n<p>Diversos medios de comunicaci\u00f3n aseguran que Pia y Benigno tienen una relaci\u00f3n desde hace cinco a\u00f1os, sin embargo el presidente no ha \u201coficializado\u201d su romance.<\/p>\n<p>Benigno, de 55 a\u00f1os de edad, es considerado en su pa\u00eds con un soltero codiciado desde que termin\u00f3 su relaci\u00f3n de dos a\u00f1os que manten\u00eda con la pol\u00edtica Shalani Soledad y seg\u00fan se habla de que el gobernante no tiene ninguna intenci\u00f3n de volver a sentar cabeza.<\/p>\n","protected":false},"excerpt":{"rendered":"<p>Luego del tremendo esc\u00e1ndalo que se suscit\u00f3 en la final de Miss Universo, cuando el conductor del certamen coron\u00f3 a Miss Colombia en vez de a Miss Filipinas, otra pol\u00e9mica se destapa relacionada con la ganadora real.<\/p>\n","protected":false},"author":93,"featured_media":0,"comment_status":"open","ping_status":"open","sticky":false,"template":"","format":"standard","meta":{"footnotes":""},"categories":[38],"tags":[],"class_list":["post-15071","post","type-post","status-publish","format-standard","hentry","category-show"],"_links":{"self":[{"href":"https:\/\/plazajuarez.mx\/historico\/wp-json\/wp\/v2\/posts\/15071","targetHints":{"allow":["GET"]}}],"collection":[{"href":"https:\/\/plazajuarez.mx\/historico\/wp-json\/wp\/v2\/posts"}],"about":[{"href":"https:\/\/plazajuarez.mx\/historico\/wp-json\/wp\/v2\/types\/post"}],"author":[{"embeddable":true,"href":"https:\/\/plazajuarez.mx\/historico\/wp-json\/wp\/v2\/users\/93"}],"replies":[{"embeddable":true,"href":"https:\/\/plazajuarez.mx\/historico\/wp-json\/wp\/v2\/comments?post=15071"}],"version-history":[{"count":0,"href":"https:\/\/plazajuarez.mx\/historico\/wp-json\/wp\/v2\/posts\/15071\/revisions"}],"wp:attachment":[{"href":"https:\/\/plazajuarez.mx\/historico\/wp-json\/wp\/v2\/media?parent=15071"}],"wp:term":[{"taxonomy":"category","embeddable":true,"href":"https:\/\/plazajuarez.mx\/historico\/wp-json\/wp\/v2\/categories?post=15071"},{"taxonomy":"post_tag","embeddable":true,"href":"https:\/\/plazajuarez.mx\/historico\/wp-json\/wp\/v2\/tags?post=15071"}],"curies":[{"name":"wp","href":"https:\/\/api.w.org\/{rel}","templated":true}]}}