{"id":150613,"date":"2021-01-29T13:57:24","date_gmt":"2021-01-29T19:57:24","guid":{"rendered":"https:\/\/plazajuarez.mx\/?p=150613"},"modified":"2021-01-29T13:57:39","modified_gmt":"2021-01-29T19:57:39","slug":"el-pib-de-mexico-sufre-peor-caida-desde-la-gran-depresion-con-rebote-incierto","status":"publish","type":"post","link":"https:\/\/plazajuarez.mx\/historico\/el-pib-de-mexico-sufre-peor-caida-desde-la-gran-depresion-con-rebote-incierto\/","title":{"rendered":"El PIB de M\u00e9xico sufre peor ca\u00edda desde la Gran Depresi\u00f3n con rebote incierto"},"content":{"rendered":"\n<p class=\"wp-block-paragraph\">El PIB mexicano se contrajo un 8,3 % en 2020, su peor desplome desde la Gran Depresi\u00f3n de 1932, debido a la pandemia y la falta de un rescate del Gobierno, y se estima un repunte incierto para 2021.<\/p>\n\n\n\n<p class=\"wp-block-paragraph\">En cifras desestacionalizadas, sin factores coyunturales por temporada, la ca\u00edda interanual del 2020 ser\u00eda todav\u00eda mayor, del 8,5 %.<\/p>\n\n\n\n<p class=\"wp-block-paragraph\">Con las cifras preliminares que revel\u00f3 este viernes el Instituto Nacional de Estad\u00edstica y Geograf\u00eda (Inegi), la econom\u00eda de M\u00e9xico hila dos a\u00f1os consecutivos de decrecimiento tras una contracci\u00f3n de 0,1 % en 2019.<\/p>\n\n\n\n<p class=\"wp-block-paragraph\">El presidente del Inegi, Julio Santaella, destac\u00f3 la &#8220;moderaci\u00f3n de la contracci\u00f3n econ\u00f3mica&#8221; de -4,5 % anual del cuarto trimestre de 2020, que signific\u00f3 una recuperaci\u00f3n trimestral de 3,1 % frente al periodo inmediato anterior.<\/p>\n\n\n\n<p class=\"wp-block-paragraph\">Aun as\u00ed, esto no bast\u00f3 para detener los efectos del decremento anual de 8,6 % en el tercer trimestre y de 18,7 % en el segundo trimestre, un hundimiento hist\u00f3rico que ocurri\u00f3 por la emergencia sanitaria que decret\u00f3 el Gobierno, que suspendi\u00f3 las actividades no esenciales en abril y mayo.<\/p>\n\n\n\n<p class=\"wp-block-paragraph\">Pese a la contracci\u00f3n sin precedentes, la ca\u00edda result\u00f3 &#8220;razonable&#8221;, consider\u00f3 Edmar Ariel Lezama, coordinador del Programa \u00danico de Especializaciones en Econom\u00eda de la Universidad Nacional Aut\u00f3noma de M\u00e9xico (UNAM).<\/p>\n\n\n\n<p class=\"wp-block-paragraph\">&#8220;Dado que la mayor parte del a\u00f1o estuvimos en cuarentena y en pandemia, ese tendr\u00eda que ser el par\u00e1metro y el punto de referencia, la cifra de variaci\u00f3n anual de -8,5 % parece razonable, aunque es muy mala evidentemente&#8221;, expuso Lezama a Efe.<\/p>\n\n\n\n<p class=\"wp-block-paragraph\"><strong>DESPLOME PREDECIBLE<\/strong><\/p>\n\n\n\n<p class=\"wp-block-paragraph\">La contracci\u00f3n preliminar es cercana a lo pronosticado por la Secretar\u00eda de Hacienda y Cr\u00e9dito P\u00fablico (SHCP), que preve\u00eda un decremento del 8 %.<\/p>\n\n\n\n<p class=\"wp-block-paragraph\">En contraste, el Fondo Monetario Internacional (FMI) estimaba un decremento de 8,5 %, el Banco Mundial preve\u00eda una reducci\u00f3n del 9 % y la encuesta de expertos del Banco de M\u00e9xico (Banxico) una contracci\u00f3n cercana al 9 %.<\/p>\n\n\n\n<p class=\"wp-block-paragraph\">Pero aunque la ca\u00edda era inevitable, s\u00ed era mitigable, opin\u00f3 Lezama, quien critic\u00f3 el paquete del Gobierno de M\u00e9xico para afrontar las consecuencias econ\u00f3micas de la pandemia, que signific\u00f3 cerca del 1 % del PIB.<\/p>\n\n\n\n<p class=\"wp-block-paragraph\">&#8220;Sin duda afect\u00f3 el mal manejo de la pol\u00edtica fiscal del Gobierno mexicano, era un hecho que el producto se iba a contraer, lo que hab\u00eda que buscar es que la ca\u00edda fuera lo menos dram\u00e1tica y grave&#8221;, manifest\u00f3.<\/p>\n\n\n\n<p class=\"wp-block-paragraph\">La reducci\u00f3n del PIB ocurri\u00f3 ante la ca\u00edda interanual de las actividades secundarias (-10,0 %) y terciarias (-7,7 %), y a pesar del avance del sector primario del 2 %, se\u00f1al\u00f3 Inegi.<\/p>\n\n\n\n<p class=\"wp-block-paragraph\">Ante la falta de apoyos, cerca de 1 mill\u00f3n de micro, peque\u00f1as y medianas empresas (mipymes) cerraron por la pandemia, seg\u00fan hab\u00eda reportado antes el organismo.<\/p>\n\n\n\n<p class=\"wp-block-paragraph\">M\u00e9xico adem\u00e1s perdi\u00f3 3,2 % de su empleo formal en 2020, de acuerdo con el Instituto Mexicano del Seguro Social (IMSS), mientras que el Inegi report\u00f3 la salida de 2,8 millones de personas de la fuerza laboral, que es 55 % informal.<\/p>\n\n\n\n<p class=\"wp-block-paragraph\"><strong>REPUNTE INCIERTO<\/strong><\/p>\n\n\n\n<p class=\"wp-block-paragraph\">Para este a\u00f1o, la SHCP considera un repunte de 4,6 %, mientras que los analistas consultados por el Banco de M\u00e9xico pronostican un crecimiento de 3,44 %, el Banco Mundial un aumento del 3,7 % y el FMI un incremento de 4,3 %.<\/p>\n\n\n\n<p class=\"wp-block-paragraph\">El gobernador de Banxico, Alejandro D\u00edaz de Le\u00f3n, consider\u00f3 este mes que M\u00e9xico podr\u00eda crecer m\u00e1s del 5 %, si cumple con su plan de vacunaci\u00f3n de covid-19, que ha dejado 1,82 millones de casos y m\u00e1s de 155.000 muertes en el pa\u00eds.<\/p>\n\n\n\n<p class=\"wp-block-paragraph\">Pero otros empresarios se muestran m\u00e1s cautos, como Eduardo Osuna, director general y vicepresidente de BBVA M\u00e9xico, que estima un crecimiento de apenas 3,2 % este a\u00f1o.<\/p>\n\n\n\n<p class=\"wp-block-paragraph\">&#8220;Va a ser un a\u00f1o complejo porque va a estar muy ligado a la evoluci\u00f3n de la pandemia, lo ha dicho muy claro el secretario de Hacienda, la econom\u00eda va a estar ligada a c\u00f3mo avance el plan de vacunaci\u00f3n&#8221;, expres\u00f3 en un evento virtual.<\/p>\n\n\n\n<p class=\"wp-block-paragraph\">M\u00e9xico tiene ahora casi a la mitad de sus 32 estados en el color rojo del sem\u00e1foro epidemiol\u00f3gico, lo que significa que deben restringir las actividades no esenciales.<\/p>\n\n\n\n<p class=\"wp-block-paragraph\">Adem\u00e1s, el Gobierno ha apostado casi toda su estrategia sanitaria al acceso temprano a la vacuna, con una meta de vacunar a todo el personal sanitario y a los adultos mayores hasta marzo, un plan que ya afronta retrasos.<\/p>\n\n\n\n<p class=\"wp-block-paragraph\">&#8220;Cuando se empezaron a hacer esos pron\u00f3sticos en torno al 4 %, pr\u00e1cticamente todos estaban considerando que el pico estar\u00eda por diciembre y enero, y al parecer no, esto se alargar\u00e1 m\u00e1s, tambi\u00e9n estaban considerando que la vacuna llegar\u00eda muy pronto&#8221;, advirti\u00f3 Lezama.<\/p>\n","protected":false},"excerpt":{"rendered":"<p>El PIB mexicano se contrajo un 8,3 % en 2020, su peor desplome desde la Gran Depresi\u00f3n de 1932, debido a la pandemia y la falta de un rescate del Gobierno, y se estima un repunte incierto para 2021. En cifras desestacionalizadas, sin factores coyunturales por temporada, la ca\u00edda interanual del 2020 ser\u00eda todav\u00eda mayor, [&hellip;]<\/p>\n","protected":false},"author":80,"featured_media":150614,"comment_status":"closed","ping_status":"open","sticky":false,"template":"","format":"standard","meta":{"footnotes":""},"categories":[15,36],"tags":[],"class_list":["post-150613","post","type-post","status-publish","format-standard","has-post-thumbnail","hentry","category-destacadas","category-nacion"],"_links":{"self":[{"href":"https:\/\/plazajuarez.mx\/historico\/wp-json\/wp\/v2\/posts\/150613","targetHints":{"allow":["GET"]}}],"collection":[{"href":"https:\/\/plazajuarez.mx\/historico\/wp-json\/wp\/v2\/posts"}],"about":[{"href":"https:\/\/plazajuarez.mx\/historico\/wp-json\/wp\/v2\/types\/post"}],"author":[{"embeddable":true,"href":"https:\/\/plazajuarez.mx\/historico\/wp-json\/wp\/v2\/users\/80"}],"replies":[{"embeddable":true,"href":"https:\/\/plazajuarez.mx\/historico\/wp-json\/wp\/v2\/comments?post=150613"}],"version-history":[{"count":0,"href":"https:\/\/plazajuarez.mx\/historico\/wp-json\/wp\/v2\/posts\/150613\/revisions"}],"wp:featuredmedia":[{"embeddable":true,"href":"https:\/\/plazajuarez.mx\/historico\/wp-json\/wp\/v2\/media\/150614"}],"wp:attachment":[{"href":"https:\/\/plazajuarez.mx\/historico\/wp-json\/wp\/v2\/media?parent=150613"}],"wp:term":[{"taxonomy":"category","embeddable":true,"href":"https:\/\/plazajuarez.mx\/historico\/wp-json\/wp\/v2\/categories?post=150613"},{"taxonomy":"post_tag","embeddable":true,"href":"https:\/\/plazajuarez.mx\/historico\/wp-json\/wp\/v2\/tags?post=150613"}],"curies":[{"name":"wp","href":"https:\/\/api.w.org\/{rel}","templated":true}]}}