{"id":150598,"date":"2021-01-29T13:25:04","date_gmt":"2021-01-29T19:25:04","guid":{"rendered":"https:\/\/plazajuarez.mx\/?p=150598"},"modified":"2021-01-29T13:25:18","modified_gmt":"2021-01-29T19:25:18","slug":"se-manifiestan-para-exigir-que-presuntos-ladrones-de-escuela-no-queden-en-libertad","status":"publish","type":"post","link":"https:\/\/plazajuarez.mx\/historico\/se-manifiestan-para-exigir-que-presuntos-ladrones-de-escuela-no-queden-en-libertad\/","title":{"rendered":"Se manifiestan para exigir que presuntos ladrones de escuela no queden en libertad"},"content":{"rendered":"\n<p class=\"wp-block-paragraph\"><strong>Atotonilco de Tula.-<\/strong> Pobladores de la comunidad de El Refugio se manifiestan en las instalaciones del Juzgado Municipal para exigir que los dos sujetos que fueron asegurados robando en la escuela primaria V\u00edctor Gil no queden en libertad, sino que los pongan a disposici\u00f3n del ministerio p\u00fablico una vez que interpongan la denuncia correspondiente.<\/p>\n\n\n\n<p class=\"wp-block-paragraph\">El presidente de la Sociedad de Padres de Familia, Jos\u00e9 Garc\u00eda inform\u00f3 que los mismos vecinos de la comunidad fueron quienes aseguraron los dos hombres y que no es la primera vez que ingresaban a robar a la escuela primaria de la localidad ya que as\u00ed lo confesaron.<\/p>\n\n\n\n<p class=\"wp-block-paragraph\">Dijeron estar hartos de los atracos en su comunidad, esto debido a que en d\u00edas pasados tambi\u00e9n ingresaron a robar a la Biblioteca, el Centro de Salud y la Unidad Deportiva y que los detenidos confesaron incluso donde tienen guardadas las cosas que han robado.<\/p>\n\n\n\n<p class=\"wp-block-paragraph\">Por lo que piden al ministerio p\u00fablico los atienda lo antes posible para que presenten su denuncia por el \u00faltimo robo registrado en la escuela la madrugada de este viernes y a su vez de seguimiento a las dem\u00e1s carpetas de investigaci\u00f3n que ya existen por otros robos.<\/p>\n\n\n\n<p class=\"wp-block-paragraph\">Dijo que entre lo robado se encuentra equipo de c\u00f3mputo, proyectores, equipo de sonido y diversas herramientas de trabajo de los docentes y los propios alumnos, adem\u00e1s de que tambi\u00e9n han sustra\u00eddo herramientas de trabajo para la limpieza y mantenimiento de la escuela.<\/p>\n\n\n\n<p class=\"wp-block-paragraph\">Los quejosos quienes se encuentran concentrados en los separos de la Polic\u00eda Municipal y las oficinas del Juez Conciliador, amenazaron que si no hay justicia por parte de las autoridades har\u00e1n justicia por su propia mano.<\/p>\n","protected":false},"excerpt":{"rendered":"<p>Atotonilco de Tula.- Pobladores de la comunidad de El Refugio se manifiestan en las instalaciones del Juzgado Municipal para exigir que los dos sujetos que fueron asegurados robando en la escuela primaria V\u00edctor Gil no queden en libertad, sino que los pongan a disposici\u00f3n del ministerio p\u00fablico una vez que interpongan la denuncia correspondiente. El [&hellip;]<\/p>\n","protected":false},"author":93,"featured_media":150599,"comment_status":"closed","ping_status":"open","sticky":false,"template":"","format":"standard","meta":{"footnotes":""},"categories":[15,40],"tags":[],"class_list":["post-150598","post","type-post","status-publish","format-standard","has-post-thumbnail","hentry","category-destacadas","category-region"],"_links":{"self":[{"href":"https:\/\/plazajuarez.mx\/historico\/wp-json\/wp\/v2\/posts\/150598","targetHints":{"allow":["GET"]}}],"collection":[{"href":"https:\/\/plazajuarez.mx\/historico\/wp-json\/wp\/v2\/posts"}],"about":[{"href":"https:\/\/plazajuarez.mx\/historico\/wp-json\/wp\/v2\/types\/post"}],"author":[{"embeddable":true,"href":"https:\/\/plazajuarez.mx\/historico\/wp-json\/wp\/v2\/users\/93"}],"replies":[{"embeddable":true,"href":"https:\/\/plazajuarez.mx\/historico\/wp-json\/wp\/v2\/comments?post=150598"}],"version-history":[{"count":0,"href":"https:\/\/plazajuarez.mx\/historico\/wp-json\/wp\/v2\/posts\/150598\/revisions"}],"wp:featuredmedia":[{"embeddable":true,"href":"https:\/\/plazajuarez.mx\/historico\/wp-json\/wp\/v2\/media\/150599"}],"wp:attachment":[{"href":"https:\/\/plazajuarez.mx\/historico\/wp-json\/wp\/v2\/media?parent=150598"}],"wp:term":[{"taxonomy":"category","embeddable":true,"href":"https:\/\/plazajuarez.mx\/historico\/wp-json\/wp\/v2\/categories?post=150598"},{"taxonomy":"post_tag","embeddable":true,"href":"https:\/\/plazajuarez.mx\/historico\/wp-json\/wp\/v2\/tags?post=150598"}],"curies":[{"name":"wp","href":"https:\/\/api.w.org\/{rel}","templated":true}]}}