{"id":150521,"date":"2021-01-29T07:04:51","date_gmt":"2021-01-29T13:04:51","guid":{"rendered":"https:\/\/plazajuarez.mx\/?p=150521"},"modified":"2021-01-29T07:05:02","modified_gmt":"2021-01-29T13:05:02","slug":"retratos-hablados-1023","status":"publish","type":"post","link":"https:\/\/plazajuarez.mx\/historico\/retratos-hablados-1023\/","title":{"rendered":"RETRATOS HABLADOS"},"content":{"rendered":"\n<h2 class=\"wp-block-heading\"><strong>Simplemente seguir adelante<\/strong><\/h2>\n\n\n\n<p>Termina el primer mes del 2021. No, nada ha cambiado. Solo la esperanza, que, por supuesto no es ning\u00fan partido pol\u00edtico, mantiene a los mexicanos de pie y con una voluntad \u00fanica para vencer al virus m\u00e1s mort\u00edfero de cuantos nos han atacado, en el que se incluye la corrupci\u00f3n y la tendencia enfermiza a mentir de quienes han despachado y despachan desde Palacio Nacional.<\/p>\n\n\n\n<p>No es querer caer en los lugares comunes y mucho menos en los calificativos que de pronto se pusieron de moda para querer decir, como \u201ctodos los mexicanos son unos guerreros\u201d, porque seguramente somos todo eso y mucho m\u00e1s, pero por favor que ning\u00fan hijo de la motivaci\u00f3n personal se atreva a calificarnos de \u201cguerreros\u201d.<\/p>\n\n\n\n<p>Somos mexicanos y con eso basta para entender que pese a todo mantenemos la esperanza, los que deben hacerlo salen a la calle para ganarse el sustento de todos los d\u00edas, y no esperan que las autoridades les obliguen a usar tapabocas, porque desde el principio se cuidaron pese a la irresponsabilidad de los que invitaban a seguir como si nada.<\/p>\n\n\n\n<p>La soluci\u00f3n en casos de crisis absoluta nunca ser\u00e1n los gobiernos, que tal vez lo mejor que puedan hacer es no estorbar y hacer uso del sentido com\u00fan por encima de sus intereses pol\u00edticos.&nbsp;<\/p>\n\n\n\n<p>Es como siempre el ciudadano, el que herencia de sus padres y abuelos sabe que la \u00fanica forma de regresar a cierta normalidad es con la certeza de que nunca jam\u00e1s espera que le digan, \u201cponte el tapabocas\u201d, para hacerlo, y que ante la tragedia busca la forma de continuar, simplemente continuar.<\/p>\n\n\n\n<p>Todos hemos sido testigos de los momentos posteriores a la muerte de un familiar cercano, el pap\u00e1 o la mam\u00e1, y que cuando pareciera que todo, absolutamente todo ha perdido su raz\u00f3n de ser, siempre surge la palabra y acci\u00f3n de una t\u00eda que pone en marcha los mecanismos para algo simple pero vital: alimentar a la familia doliente que no sabe a ciencia cierta qu\u00e9 hacer, pero es salvada por alguien que simplemente aplic\u00f3 un principio vital del sentido com\u00fan.<\/p>\n\n\n\n<p>El duelo empieza a hacerse menos cuando se arranca la marcha hacia la normalidad si as\u00ed se le quiere nombrar, ya sin la presencia de quien se fue. Pero se tiene que hacer, porque otra actitud es simplemente aceptar que todo se acab\u00f3 y ya no hay rumbo ni destino.<\/p>\n\n\n\n<p>As\u00ed hemos sido testigos de la lucha diaria de miles y miles de familias que pese a la terrible tragedia decidieron que no pod\u00edan quedarse pasmados y esperar a que una autoridad cada vez m\u00e1s disminuida, los llevara a la tarea de sobrevivir. De haber procedido de ese modo hoy mismo M\u00e9xico ya habr\u00eda perdido buena parte de su poblaci\u00f3n<\/p>\n\n\n\n<p>Nadie como los habitantes de este pa\u00eds nuestro para ejercer a pleno derecho su vocaci\u00f3n por vivir, por no capitular ante nada ni nadie. Y para eso no hace falta un iluminado en el poder ni nada por el estilo, s\u00f3lo que deje hacer lo que una inmensa mayor\u00eda hace porque as\u00ed fue educada en su casa por sus padres y abuelos: seguir adelante.<\/p>\n\n\n\n<p><strong><\/strong><strong>Termina el primer mes.<\/strong><\/p>\n\n\n\n<p>An\u00edmese, si a estas alturas puedo escribir y usted leerme, ya la llevamos de gane. Con todo y que tal vez se hayan perdido familiares muy cercanos en el camino, t\u00e9ngalo por seguro que siempre le habr\u00edan dicho que viviera, que dejara para las fiestas de noviembre invocar a la muerte.<\/p>\n\n\n\n<p>An\u00edmese. Vamos de gane y ojal\u00e1 pueda saludarle si los dos, los muchos, sobrevivimos y nos enorgullecemos de seguir adelante, simplemente seguir adelante.<\/p>\n\n\n\n<p>Mil gracias, hasta el pr\u00f3ximo lunes.<\/p>\n\n\n\n<p><a href=\"mailto:jeperalta@plazajuarez.mx\/historico\/historico\">jeperalta@plazajuarez.mx\/historico\/historico<\/a><\/p>\n\n\n\n<p>@JavierEPeralta<\/p>\n","protected":false},"excerpt":{"rendered":"<p>Simplemente seguir adelante Termina el primer mes del 2021. No, nada ha cambiado. Solo la esperanza, que, por supuesto no es ning\u00fan partido pol\u00edtico, mantiene a los mexicanos de pie y con una voluntad \u00fanica para vencer al virus m\u00e1s mort\u00edfero de cuantos nos han atacado, en el que se incluye la corrupci\u00f3n y la [&hellip;]<\/p>\n","protected":false},"author":10,"featured_media":0,"comment_status":"closed","ping_status":"open","sticky":false,"template":"","format":"standard","meta":{"footnotes":""},"categories":[49,42],"tags":[],"class_list":["post-150521","post","type-post","status-publish","format-standard","hentry","category-javier-peralta","category-nuestrapalabra"],"_links":{"self":[{"href":"https:\/\/plazajuarez.mx\/historico\/wp-json\/wp\/v2\/posts\/150521","targetHints":{"allow":["GET"]}}],"collection":[{"href":"https:\/\/plazajuarez.mx\/historico\/wp-json\/wp\/v2\/posts"}],"about":[{"href":"https:\/\/plazajuarez.mx\/historico\/wp-json\/wp\/v2\/types\/post"}],"author":[{"embeddable":true,"href":"https:\/\/plazajuarez.mx\/historico\/wp-json\/wp\/v2\/users\/10"}],"replies":[{"embeddable":true,"href":"https:\/\/plazajuarez.mx\/historico\/wp-json\/wp\/v2\/comments?post=150521"}],"version-history":[{"count":0,"href":"https:\/\/plazajuarez.mx\/historico\/wp-json\/wp\/v2\/posts\/150521\/revisions"}],"wp:attachment":[{"href":"https:\/\/plazajuarez.mx\/historico\/wp-json\/wp\/v2\/media?parent=150521"}],"wp:term":[{"taxonomy":"category","embeddable":true,"href":"https:\/\/plazajuarez.mx\/historico\/wp-json\/wp\/v2\/categories?post=150521"},{"taxonomy":"post_tag","embeddable":true,"href":"https:\/\/plazajuarez.mx\/historico\/wp-json\/wp\/v2\/tags?post=150521"}],"curies":[{"name":"wp","href":"https:\/\/api.w.org\/{rel}","templated":true}]}}