{"id":150502,"date":"2021-01-28T18:32:21","date_gmt":"2021-01-29T00:32:21","guid":{"rendered":"https:\/\/plazajuarez.mx\/?p=150502"},"modified":"2021-01-28T18:32:32","modified_gmt":"2021-01-29T00:32:32","slug":"indigenas-mexicanos-anuncian-que-combatiran-las-megaobras-de-lopez-obrador","status":"publish","type":"post","link":"https:\/\/plazajuarez.mx\/historico\/indigenas-mexicanos-anuncian-que-combatiran-las-megaobras-de-lopez-obrador\/","title":{"rendered":"Ind\u00edgenas mexicanos anuncian que combatir\u00e1n las megaobras de L\u00f3pez Obrador"},"content":{"rendered":"\n<p>El Concejo Ind\u00edgena Mexicano y el Congreso Nacional Ind\u00edgena anunciaron este jueves que combatir\u00e1n las megaobras que impulsa el presidente Andr\u00e9s Manuel L\u00f3pez Obrador en el centro y sur del pa\u00eds, como el Tren Maya y el Corredor Trans\u00edstmico.<\/p>\n\n\n\n<p>En una asamblea los grupos acordaron impulsar \u201cacciones por la vida, contra los megaproyectos y en memoria de Samir Flores&#8221;, un activista asesinado en febrero de 2019 tras oponerse a una planta termoel\u00e9ctrica de la p\u00fablica Comisi\u00f3n Federal de Electricidad (CFE) en Morelos, estado del centro del pa\u00eds.<\/p>\n\n\n\n<p>&#8220;Las palabras mentirosas de L\u00f3pez Obrador y su llamada Cuarta Transformaci\u00f3n pretenden crear un muro que oculte la guerra que se arrecia contra los pueblos y la vida de la madre tierra, queriendo aislarnos y presentarnos como los opositores al progreso&#8221;, indicaron en un pronunciamiento conjunto.<\/p>\n\n\n\n<p>La declaraci\u00f3n es un reflejo de la oposici\u00f3n que afronta el presidente en un sector de los pueblos originarios de M\u00e9xico, donde 25 millones de personas se identifican como ind\u00edgenas, casi el 20 % de la poblaci\u00f3n, seg\u00fan el Instituto Nacional de Lenguas Ind\u00edgenas (Inali).<\/p>\n\n\n\n<p>En particular, los grupos ind\u00edgenas criticaron el Tren Maya, el Corredor Trans\u00edstmico de Salina Cruz a Coatzacoalcos y el Parque Ecol\u00f3gico Lago de Texcoco, donde antes se iba a construir el Nuevo Aeropuerto Internacional de M\u00e9xico en la capital.<\/p>\n\n\n\n<p>Tambi\u00e9n consideraron &#8220;muy grave&#8221; el plan de construir tres centrales termoel\u00e9ctricas, una red de gasoductos y una megacentral para almacenar combustibles en la cuenca del R\u00edo Santiago, al sur de Guadalajara, en el occidente del pa\u00eds.<\/p>\n\n\n\n<p>Asimismo, cuestionaron la miner\u00eda a cielo abierto y el Canal Centenario que ejecuta la Guardia Nacional en Nayarit, en el Pac\u00edfico, para trasvasar los r\u00edos San Pedro y Santiago.<\/p>\n\n\n\n<p>&#8220;Invaden ilegalmente los territorios de nuestros pueblos y muchos no cuentan tan siquiera con autorizaci\u00f3n en materia de impacto ambiental, contemplan la ocupaci\u00f3n de miles y miles de hect\u00e1reas y el cambio en los usos de suelo de ejidos, comunidades y pueblos ind\u00edgenas&#8221;, denunciaron.<\/p>\n\n\n\n<p>Los pueblos originarios criticaron al presidente por &#8220;militarizar&#8221; al pa\u00eds al involucrar en la construcci\u00f3n y administraci\u00f3n de las obras a las Fuerzas Armadas y a la Guardia Nacional, un cuerpo policial-militar creado por L\u00f3pez Obrador.<\/p>\n\n\n\n<p>Adem\u00e1s, acusaron al mandatario de aprovechar la pandemia para impulsar sus proyectos emblem\u00e1ticos de infraestructura.<\/p>\n\n\n\n<p>&#8220;La pandemia de la covid-19 ha venido, como dijo el gobierno mentiroso de L\u00f3pez Obrador, &#8216;como anillo al dedo&#8217; para la imposici\u00f3n de los megaproyectos y la militarizaci\u00f3n del pa\u00eds, estando la mayor parte de la poblaci\u00f3n desmovilizada&#8221;, expresaron.<\/p>\n\n\n\n<p>Como un reflejo de las divisiones que existen entre los pueblos originarios sobre el presidente, las agrupaciones censuraron la &#8220;imposici\u00f3n&#8221; del Instituto Nacional de los Pueblos Ind\u00edgenas (INPI) creado por L\u00f3pez Obrador.<\/p>\n\n\n\n<p>El Frente de Pueblos en Defensa de la Tierra y Agua de Morelos, Puebla y Tlaxcala (estados del centro del pa\u00eds) se sum\u00f3 al pronunciamiento del Concejo Ind\u00edgena Mexicano, que hace tres a\u00f1os impuls\u00f3 la candidatura presidencial de Mar\u00eda de Jes\u00fas Patricio, conocida como Marichuy.<\/p>\n","protected":false},"excerpt":{"rendered":"<p>El Concejo Ind\u00edgena Mexicano y el Congreso Nacional Ind\u00edgena anunciaron este jueves que combatir\u00e1n las megaobras que impulsa el presidente Andr\u00e9s Manuel L\u00f3pez Obrador en el centro y sur del pa\u00eds, como el Tren Maya y el Corredor Trans\u00edstmico. En una asamblea los grupos acordaron impulsar \u201cacciones por la vida, contra los megaproyectos y en [&hellip;]<\/p>\n","protected":false},"author":80,"featured_media":150503,"comment_status":"closed","ping_status":"open","sticky":false,"template":"","format":"standard","meta":{"footnotes":""},"categories":[36],"tags":[],"class_list":["post-150502","post","type-post","status-publish","format-standard","has-post-thumbnail","hentry","category-nacion"],"_links":{"self":[{"href":"https:\/\/plazajuarez.mx\/historico\/wp-json\/wp\/v2\/posts\/150502","targetHints":{"allow":["GET"]}}],"collection":[{"href":"https:\/\/plazajuarez.mx\/historico\/wp-json\/wp\/v2\/posts"}],"about":[{"href":"https:\/\/plazajuarez.mx\/historico\/wp-json\/wp\/v2\/types\/post"}],"author":[{"embeddable":true,"href":"https:\/\/plazajuarez.mx\/historico\/wp-json\/wp\/v2\/users\/80"}],"replies":[{"embeddable":true,"href":"https:\/\/plazajuarez.mx\/historico\/wp-json\/wp\/v2\/comments?post=150502"}],"version-history":[{"count":0,"href":"https:\/\/plazajuarez.mx\/historico\/wp-json\/wp\/v2\/posts\/150502\/revisions"}],"wp:featuredmedia":[{"embeddable":true,"href":"https:\/\/plazajuarez.mx\/historico\/wp-json\/wp\/v2\/media\/150503"}],"wp:attachment":[{"href":"https:\/\/plazajuarez.mx\/historico\/wp-json\/wp\/v2\/media?parent=150502"}],"wp:term":[{"taxonomy":"category","embeddable":true,"href":"https:\/\/plazajuarez.mx\/historico\/wp-json\/wp\/v2\/categories?post=150502"},{"taxonomy":"post_tag","embeddable":true,"href":"https:\/\/plazajuarez.mx\/historico\/wp-json\/wp\/v2\/tags?post=150502"}],"curies":[{"name":"wp","href":"https:\/\/api.w.org\/{rel}","templated":true}]}}