{"id":150493,"date":"2021-01-28T17:26:39","date_gmt":"2021-01-28T23:26:39","guid":{"rendered":"https:\/\/plazajuarez.mx\/?p=150493"},"modified":"2021-01-28T17:26:53","modified_gmt":"2021-01-28T23:26:53","slug":"protestan-contra-candidato-a-gobernador-acusado-de-abuso-en-mexico","status":"publish","type":"post","link":"https:\/\/plazajuarez.mx\/historico\/protestan-contra-candidato-a-gobernador-acusado-de-abuso-en-mexico\/","title":{"rendered":"Protestan contra candidato a gobernador acusado de abuso en M\u00e9xico"},"content":{"rendered":"\n<p>Un grupo de mujeres protest\u00f3 este jueves frente a la sede nacional del Movimiento Regeneraci\u00f3n Nacional (Morena), el partido oficialista, contra el candidato a gobernador del estado de Guerrero F\u00e9lix Salgado, quien cuenta con dos acusaciones de violaci\u00f3n.<\/p>\n\n\n\n<p>&#8220;Exigimos a Morena y al presidente (Andr\u00e9s Manuel L\u00f3pez Obrador) que se pronuncien con respecto al caso, porque es ejemplar, y la omisi\u00f3n tambi\u00e9n es tomar postura, una postura que protege a los agresores, que les da un puesto&#8221;, expres\u00f3 una de las manifestantes.<\/p>\n\n\n\n<p>El caso de Salgado es pol\u00e9mica nacional desde el 30 de diciembre, cuando Morena anunci\u00f3 que ser\u00eda el candidato a gobernador de Guerrero el pr\u00f3ximo 6 de junio, cuando M\u00e9xico celebra sus elecciones intermedias.<\/p>\n\n\n\n<p>El pol\u00edtico fue acusado de violaci\u00f3n en dos ocasiones, una en 1998 (archivada por haber prescrito) contra una menor y otra en 2016 -ratificada en 2017- contra una trabajadora de un medio local cuando \u00e9l era director del peri\u00f3dico. Seg\u00fan esta \u00faltima v\u00edctima, el candidato abus\u00f3 de ella en su casa y despu\u00e9s la chantaje\u00f3 con fotos \u00edntimas.<\/p>\n\n\n\n<p>Adem\u00e1s, el pasado 5 de enero, la Comisi\u00f3n de Honestidad y Justicia de Morena recibi\u00f3 una tercera acusaci\u00f3n contra Salgado, por lo que el organismo determin\u00f3 admitir el proceso sancionatorio en su contra, por lo que el candidato deber\u00e1 responder y comparecer &#8220;de forma personal&#8221; antes del viernes 29 de enero o de lo contrario ser\u00e1 declarado confeso.<\/p>\n\n\n\n<p>A pesar de las m\u00faltiples muestras de oposici\u00f3n a la aprobaci\u00f3n por parte del partido de la candidatura de Salgado y la petici\u00f3n de su renuncia de un centenar de diputadas de Morena, el proceso sigue adelante y el propio pol\u00edtico lleg\u00f3 a declarar que si hab\u00eda alguna denuncia en su contra &#8220;que se investigue&#8221;.<\/p>\n\n\n\n<p>En la protesta de este jueves, las manifestantes exigieron &#8220;la revocaci\u00f3n inmediata de la precandidatura al Gobierno de Guerrero de F\u00e9lix Salgado, as\u00ed como el impedimento para que retome su curul (silla) en el Senado y lleve proceso legal correspondiente&#8221;.<\/p>\n\n\n\n<p>Las convocantes fueron activistas de la Colectiva Feminista Nacional &#8220;Ning\u00fan Agresor en el Poder&#8221;, fundada a ra\u00edz del caso de Salgado.<\/p>\n\n\n\n<p>&#8220;A ra\u00edz del caso F\u00e9lix Salgado es que hemos decidido crear una Colectiva Feminista Nacional (&#8230;) para que todos los F\u00e9lix caigan y ning\u00fan otro agresor sea elegido para un puesto p\u00fablico o cargo de elecci\u00f3n popular. En M\u00e9xico somos mujeres organizadas e indignadas que desde nuestra independencia pol\u00edtica buscamos exigir justicia ante tanta impunidad en esta sociedad mis\u00f3gina y feminicida&#8221;, terminaron.<\/p>\n\n\n\n<p>El 6 de junio, 94 millones de votantes est\u00e1n llamados a elegir a los 500 diputados federales, 15 gobernadores de un total de 32 estados, 30 congresos estatales y 1.900 ayuntamientos, un n\u00famero in\u00e9dito de competencias.<\/p>\n\n\n\n<p>Morena deber\u00e1 defender su poder frente al bloque opositor formado por el derechista Partido Acci\u00f3n Nacional (PAN), el exgobernante Partido Revolucionario Institucional (PRI) y el centroizquierdista Partido de la Revoluci\u00f3n Democr\u00e1tica (PRD), que antes eran rivales entre s\u00ed.<\/p>\n","protected":false},"excerpt":{"rendered":"<p>Un grupo de mujeres protest\u00f3 este jueves frente a la sede nacional del Movimiento Regeneraci\u00f3n Nacional (Morena), el partido oficialista, contra el candidato a gobernador del estado de Guerrero F\u00e9lix Salgado, quien cuenta con dos acusaciones de violaci\u00f3n. &#8220;Exigimos a Morena y al presidente (Andr\u00e9s Manuel L\u00f3pez Obrador) que se pronuncien con respecto al caso, [&hellip;]<\/p>\n","protected":false},"author":80,"featured_media":150494,"comment_status":"closed","ping_status":"open","sticky":false,"template":"","format":"standard","meta":{"footnotes":""},"categories":[15,36],"tags":[],"class_list":["post-150493","post","type-post","status-publish","format-standard","has-post-thumbnail","hentry","category-destacadas","category-nacion"],"_links":{"self":[{"href":"https:\/\/plazajuarez.mx\/historico\/wp-json\/wp\/v2\/posts\/150493","targetHints":{"allow":["GET"]}}],"collection":[{"href":"https:\/\/plazajuarez.mx\/historico\/wp-json\/wp\/v2\/posts"}],"about":[{"href":"https:\/\/plazajuarez.mx\/historico\/wp-json\/wp\/v2\/types\/post"}],"author":[{"embeddable":true,"href":"https:\/\/plazajuarez.mx\/historico\/wp-json\/wp\/v2\/users\/80"}],"replies":[{"embeddable":true,"href":"https:\/\/plazajuarez.mx\/historico\/wp-json\/wp\/v2\/comments?post=150493"}],"version-history":[{"count":0,"href":"https:\/\/plazajuarez.mx\/historico\/wp-json\/wp\/v2\/posts\/150493\/revisions"}],"wp:featuredmedia":[{"embeddable":true,"href":"https:\/\/plazajuarez.mx\/historico\/wp-json\/wp\/v2\/media\/150494"}],"wp:attachment":[{"href":"https:\/\/plazajuarez.mx\/historico\/wp-json\/wp\/v2\/media?parent=150493"}],"wp:term":[{"taxonomy":"category","embeddable":true,"href":"https:\/\/plazajuarez.mx\/historico\/wp-json\/wp\/v2\/categories?post=150493"},{"taxonomy":"post_tag","embeddable":true,"href":"https:\/\/plazajuarez.mx\/historico\/wp-json\/wp\/v2\/tags?post=150493"}],"curies":[{"name":"wp","href":"https:\/\/api.w.org\/{rel}","templated":true}]}}