{"id":150383,"date":"2021-01-28T09:49:03","date_gmt":"2021-01-28T15:49:03","guid":{"rendered":"https:\/\/plazajuarez.mx\/?p=150383"},"modified":"2021-01-28T09:49:12","modified_gmt":"2021-01-28T15:49:12","slug":"actopan-sufre-recrudecimiento-de-actos-violentos","status":"publish","type":"post","link":"https:\/\/plazajuarez.mx\/historico\/actopan-sufre-recrudecimiento-de-actos-violentos\/","title":{"rendered":"Actopan sufre recrudecimiento de actos violentos"},"content":{"rendered":"\n<p><strong>Actopan<\/strong><\/p>\n\n\n\n<p>Se recrudece la violencia en el municipio de Actopan. En menos de un mes, dos personas calcinadas han sido localizadas en este municipio, con huellas de violencia, informaron fuentes de la Presidencia Municipal.&nbsp;<\/p>\n\n\n\n<p>El cuerpo de un hombre fue localizado en un camino, rumbo a la comunidad de Chicavasco. A\u00fan se encuentra en calidad de desconocido. Una llamada an\u00f3nima, alert\u00f3 de la presencia de una persona sin vida.&nbsp;<\/p>\n\n\n\n<p>Apenas el 15 de enero pasado, el cuerpo de una mujer fue localizado en un paraje en la comunidad de Magdalena, cuyo cad\u00e1ver, adem\u00e1s de presentar huellas de violencia, tambi\u00e9n la calcinaron en el lugar. El cuerpo sigue en calidad de desconocido.&nbsp;<\/p>\n\n\n\n<p>Adem\u00e1s de las huellas de violencia, la mujer fue maniatada, confirmaron autoridades estatales, quienes estuvieron a cargo de la ubicaci\u00f3n de los restos.&nbsp;<\/p>\n\n\n\n<p>El hallazgo, ha generado temor en la poblaci\u00f3n por el retorno de la violencia al municipio.&nbsp;<\/p>\n\n\n\n<p>Delegados municipales han expresado su preocupaci\u00f3n por el aumento de los delitos de alto impacto, los cuales ya no estaban presentes en este municipio.&nbsp;<\/p>\n","protected":false},"excerpt":{"rendered":"<p>Actopan Se recrudece la violencia en el municipio de Actopan. En menos de un mes, dos personas calcinadas han sido localizadas en este municipio, con huellas de violencia, informaron fuentes de la Presidencia Municipal.&nbsp; El cuerpo de un hombre fue localizado en un camino, rumbo a la comunidad de Chicavasco. A\u00fan se encuentra en calidad [&hellip;]<\/p>\n","protected":false},"author":75,"featured_media":150384,"comment_status":"closed","ping_status":"open","sticky":false,"template":"","format":"standard","meta":{"footnotes":""},"categories":[40],"tags":[],"class_list":["post-150383","post","type-post","status-publish","format-standard","has-post-thumbnail","hentry","category-region"],"_links":{"self":[{"href":"https:\/\/plazajuarez.mx\/historico\/wp-json\/wp\/v2\/posts\/150383","targetHints":{"allow":["GET"]}}],"collection":[{"href":"https:\/\/plazajuarez.mx\/historico\/wp-json\/wp\/v2\/posts"}],"about":[{"href":"https:\/\/plazajuarez.mx\/historico\/wp-json\/wp\/v2\/types\/post"}],"author":[{"embeddable":true,"href":"https:\/\/plazajuarez.mx\/historico\/wp-json\/wp\/v2\/users\/75"}],"replies":[{"embeddable":true,"href":"https:\/\/plazajuarez.mx\/historico\/wp-json\/wp\/v2\/comments?post=150383"}],"version-history":[{"count":0,"href":"https:\/\/plazajuarez.mx\/historico\/wp-json\/wp\/v2\/posts\/150383\/revisions"}],"wp:featuredmedia":[{"embeddable":true,"href":"https:\/\/plazajuarez.mx\/historico\/wp-json\/wp\/v2\/media\/150384"}],"wp:attachment":[{"href":"https:\/\/plazajuarez.mx\/historico\/wp-json\/wp\/v2\/media?parent=150383"}],"wp:term":[{"taxonomy":"category","embeddable":true,"href":"https:\/\/plazajuarez.mx\/historico\/wp-json\/wp\/v2\/categories?post=150383"},{"taxonomy":"post_tag","embeddable":true,"href":"https:\/\/plazajuarez.mx\/historico\/wp-json\/wp\/v2\/tags?post=150383"}],"curies":[{"name":"wp","href":"https:\/\/api.w.org\/{rel}","templated":true}]}}