{"id":150343,"date":"2021-01-28T07:12:50","date_gmt":"2021-01-28T13:12:50","guid":{"rendered":"https:\/\/plazajuarez.mx\/?p=150343"},"modified":"2021-01-28T07:13:06","modified_gmt":"2021-01-28T13:13:06","slug":"laguna-de-voces-698","status":"publish","type":"post","link":"https:\/\/plazajuarez.mx\/historico\/laguna-de-voces-698\/","title":{"rendered":"LAGUNA DE VOCES"},"content":{"rendered":"\n<h2 class=\"wp-block-heading\"><strong>Felicidades, recobramos la memoria<\/strong><\/h2>\n\n\n\n<p>Nos veremos seguramente en alguna parte para seguir la pl\u00e1tica pendiente cuando so\u00f1amos con eternidades, tiempo imposible de fragmentar, amistades que ten\u00edan ese elemento vital que es a prueba de todo.&nbsp;<\/p>\n\n\n\n<p>No, no es la conclusi\u00f3n de los tiempos del Covid-19. Es la constante que decidimos manejar cuando la normalidad nos permit\u00eda reencontrar la simple posibilidad de esperar qui\u00e9n sabe qu\u00e9 condiciones para reiniciar esa capacidad \u00fanica de ver que la tarde se oculta en medio de la palabra que edifica realidades.<\/p>\n\n\n\n<p>Ahora que para muchos se ha hecho tarde buscamos con ansiedad que se despeje de nubes oscuras el cielo, salga el sol y con el \u00e1nimo del que se salva de la inundaci\u00f3n deseamos con absoluta sinceridad que podamos quedar los suficientes para volver a so\u00f1ar como cuando \u00e9ramos felices e indocumentados igual al texto de Garc\u00eda M\u00e1rquez.<\/p>\n\n\n\n<p>Puede ser que esa sea la gran conclusi\u00f3n de estos tiempos, al menos para los que logren brincar los siguientes meses sin irse de boca en esta, la gran carrera por la vida: ya no hay tiempo, nunca hubo tiempo de sobra para valorar lo m\u00e1s preciado que ten\u00edamos cuando no exist\u00edan tantos delirios de grandeza. Era, es y ser\u00e1 el hoy, el momento justo cuando en cualquier lugar encontramos a quien no vemos durante a\u00f1os y a\u00f1os, y a manera de despedida siempre decimos: \u201cnos hablamos para ir a comer, para desayunar y ponernos al corriente\u201d.<\/p>\n\n\n\n<p>Siempre nos contestan o contestamos: \u201cclaro, nos hablamos\u201d, con todo y que sabemos que no suceder\u00e1, que por alguna necia y absurda raz\u00f3n decidimos aceptar que no volver a tiempos idos es la mejor medida preventiva contra el recuerdo, porque el recuerdo nos hace saber qui\u00e9nes \u00e9ramos en realidad, no los de hoy que de tan diferentes ya ni nos reconocemos.<\/p>\n\n\n\n<p>Cre\u00edmos en la eternidad, en que este marat\u00f3n en que nos inscribimos ver\u00edamos c\u00f3mo se ca\u00eda el de al lado, el de m\u00e1s adelante, todos menos nosotros. Pero seguro a manera de consuelo manejamos a manera de constante el \u201cnos hablamos\u201d, para nunca hacerlo, porque todo nos interesa menos los que ten\u00edan como ambici\u00f3n \u00fanica la de escribir, de conocer pa\u00edses, de amar a las mujeres m\u00e1s hermosas, del que no ten\u00eda nada y aspiraba a no tener nada.<\/p>\n\n\n\n<p>No hay tiempo.<\/p>\n\n\n\n<p>Y estos tiempos nos muestran que no hay gozo alguno en ver que se caen los que iban a nuestro lado. Al contrario, nos amarga lo que quede de existencia, y de pronto ansiamos regresar a ese caf\u00e9, esa mesa de bar o cantina donde se pod\u00edan construir los m\u00e1s exquisitos sue\u00f1os irrealizables. Eso es lo que se extra\u00f1a en estos eternos meses de encierro y zozobra.<\/p>\n\n\n\n<p>As\u00ed que con mucha suerte si libramos estos tiempos, cuando en cualquier lugar encontremos el recuerdo, mal har\u00edamos en volver a la vieja y absurda frase del \u201cnos hablamos\u201d, para traducirla en \u201chablemos, regresemos al mejor de los tiempos cuando \u00e9ramos felices e indocumentados\u201d.<\/p>\n\n\n\n<p>Solo eso nos dar\u00e1 la certeza que aprendimos mucho, much\u00edsimo de estos d\u00edas de pandemia y muerte.<\/p>\n\n\n\n<p>Y s\u00ed, es cierto, \u201cuno vuelve siempre a aquellos lugares donde am\u00f3 la vida\u201d, como dice la canci\u00f3n.<\/p>\n\n\n\n<p><strong>Mil gracias, hasta ma\u00f1ana.<\/strong><\/p>\n\n\n\n<p><a href=\"mailto:jeperalta@plazajuarez.mx\/historico\/historico\">jeperalta@plazajuarez.mx\/historico\/historico<\/a><\/p>\n\n\n\n<p>@JavierEPeralta<\/p>\n","protected":false},"excerpt":{"rendered":"<p>Felicidades, recobramos la memoria Nos veremos seguramente en alguna parte para seguir la pl\u00e1tica pendiente cuando so\u00f1amos con eternidades, tiempo imposible de fragmentar, amistades que ten\u00edan ese elemento vital que es a prueba de todo.&nbsp; No, no es la conclusi\u00f3n de los tiempos del Covid-19. Es la constante que decidimos manejar cuando la normalidad nos [&hellip;]<\/p>\n","protected":false},"author":10,"featured_media":0,"comment_status":"closed","ping_status":"open","sticky":false,"template":"","format":"standard","meta":{"footnotes":""},"categories":[49,42],"tags":[],"class_list":["post-150343","post","type-post","status-publish","format-standard","hentry","category-javier-peralta","category-nuestrapalabra"],"_links":{"self":[{"href":"https:\/\/plazajuarez.mx\/historico\/wp-json\/wp\/v2\/posts\/150343","targetHints":{"allow":["GET"]}}],"collection":[{"href":"https:\/\/plazajuarez.mx\/historico\/wp-json\/wp\/v2\/posts"}],"about":[{"href":"https:\/\/plazajuarez.mx\/historico\/wp-json\/wp\/v2\/types\/post"}],"author":[{"embeddable":true,"href":"https:\/\/plazajuarez.mx\/historico\/wp-json\/wp\/v2\/users\/10"}],"replies":[{"embeddable":true,"href":"https:\/\/plazajuarez.mx\/historico\/wp-json\/wp\/v2\/comments?post=150343"}],"version-history":[{"count":0,"href":"https:\/\/plazajuarez.mx\/historico\/wp-json\/wp\/v2\/posts\/150343\/revisions"}],"wp:attachment":[{"href":"https:\/\/plazajuarez.mx\/historico\/wp-json\/wp\/v2\/media?parent=150343"}],"wp:term":[{"taxonomy":"category","embeddable":true,"href":"https:\/\/plazajuarez.mx\/historico\/wp-json\/wp\/v2\/categories?post=150343"},{"taxonomy":"post_tag","embeddable":true,"href":"https:\/\/plazajuarez.mx\/historico\/wp-json\/wp\/v2\/tags?post=150343"}],"curies":[{"name":"wp","href":"https:\/\/api.w.org\/{rel}","templated":true}]}}