{"id":150340,"date":"2021-01-28T07:10:34","date_gmt":"2021-01-28T13:10:34","guid":{"rendered":"https:\/\/plazajuarez.mx\/?p=150340"},"modified":"2021-01-28T07:10:48","modified_gmt":"2021-01-28T13:10:48","slug":"dese-por-enterado-830","status":"publish","type":"post","link":"https:\/\/plazajuarez.mx\/historico\/dese-por-enterado-830\/","title":{"rendered":"DESE POR ENTERADO"},"content":{"rendered":"\n<p><strong>OTRA DE LOS DIPUTADOS DEL GRUPO UNIVERSIDAD. &#8211;<\/strong> Estaban quietecitos luego que su l\u00edder fue internado en el penal de El Altiplano acusado del uso de recursos de procedencia il\u00edcita, lavado de dinero y delincuencia organizada. Pero se ve que le estudiaron hasta la madrugada y dij\u00e9ronse: \u201c\u00a1Listo, le vamos a hincar el diente al presupuesto y no tendr\u00e1 forma de decir que no el gobernador!\u201d. As\u00ed que fruto de sus sesudos estudios, la cantante Corina Mart\u00ednez, el fil\u00f3sofo de fil\u00f3sofos Jorge Mayorga y el Pinocho de la pol\u00edtica, Ricardo Baptista (que tambi\u00e9n la hace de regidor en Tula), junto con otros legisladores marca Sosa disfrazados de Morena, presentaron su acuerdo econ\u00f3mico para quitarle, \u00a120 mil millones de pesos al presupuesto de egresos 2021 del gobierno estatal para comprar vacunas contra la Covid-19!<\/p>\n\n\n\n<hr class=\"wp-block-separator\"\/>\n\n\n\n<p><strong>SOLO ASUNTO QUE NOS OBEDEZCA EL GOBERNADOR.-<\/strong> Los muy, pero muy listos representantes del Grupo Universidad (o lo que de este quede), presentaron el acuerdo econ\u00f3mico y simplemente pasaron a retirarse en espera de que el gobernador Fayad diga, \u201c\u00a1no hombre pero qu\u00e9 maravilla de propuesta, qu\u00e9 sensibilidad\u201d, \u00a1qu\u00e9 tramposos jijos de..!, que suponen ya lo pusieron contra la pared, porque si dice que no, es que le preocupan poco los hidalguenses, y si dice que s\u00ed se queda pr\u00e1cticamente sin recursos el gobierno de Hidalgo lo que resta del a\u00f1o y de plano se llega a una crisis absoluta. \u00a1Pero qu\u00e9 vivos estos legisladores que se distinguen por ser simples marionetas del que vive en Almoloya!<\/p>\n\n\n\n<hr class=\"wp-block-separator\"\/>\n\n\n\n<p><strong>YA EN SERIO, QU\u00c9 PROPUESTA TAN RU\u00cdN Y MISERABLE. &#8211;<\/strong> Lo que demuestran estos grises personajes de la pol\u00edtica, es que les vale, que har\u00e1n uso del dolor humano como es el que produce la pandemia para actos de venganza por las afrentas sufridas por su l\u00edder moral y creador, quien muy posiblemente les gir\u00f3 instrucciones para que presentaran la barbaridad que les mencionamos. Se trata de quitarle dinero al gobierno estatal para que simplemente no pueda hacer nada lo que resta del a\u00f1o, que se hunda y reviente. As\u00ed de directo el asunto. Se trata de que bajo el argumento de que solo quieren hacer el bien, una vez m\u00e1s fracturar totalmente los proyectos de inversi\u00f3n que dar\u00e1n empleo a los hidalguenses cuando regresemos a la normalidad. No es posible tanto rencor de estos siniestros personajes. En serio.<\/p>\n\n\n\n<hr class=\"wp-block-separator\"\/>\n\n\n\n<p><strong>AHORA BIEN. &#8211;<\/strong> Sin duda, la posibilidad de que los Estados y la iniciativa privada adquieran vacunas es importante, pero no al grado de tumbar la econom\u00eda de una entidad ni de una empresa. Ser\u00eda imprudente. Lo que s\u00ed suena interesante es que grandes empresas unan esfuerzos con las autoridades estatales para ese fin. Pero primero es menester encontrar vacunas, que no es asunto de buscar en el directorio y pedirlas. No se\u00f1ores y se\u00f1oras. Se trata de que fruto de relaciones internacionales de primer nivel, se abran las puertas de las industrias farmac\u00e9uticas que las hacen y despu\u00e9s contar con los recursos econ\u00f3micos, o bien los apoyos de fundaciones internacionales para ese fin. Cierto, urgen las vacunas, pero tambi\u00e9n urge que no se caigan proyectos de inversi\u00f3n, productivos y dem\u00e1s. Espero se haya entendido.<\/p>\n\n\n\n<hr class=\"wp-block-separator\"\/>\n\n\n\n<p><strong><em>Aviso para que no digan: Esa columna se nutre de comentarios recabados en agencias del Recontra-Espionaje, muy similares a las que populariz\u00f3 el \u201cS\u00faper Agente 86\u201d en sus tiempos. Como tal, usted est\u00e1 en libertad de creer o no lo que lee, recontra-enojarse, recontra-carcajearse y hasta recontra-recordarnos a nuestra jefecita (nosotros recontra-hacemos lo propio). Avisado est\u00e1 usted.<\/em><\/strong><\/p>\n\n\n\n<p>Dudas y comentarios:<\/p>\n\n\n\n<p><a href=\"mailto:desexenterado@gmail.com\">desexenterado@gmail.com<\/a><\/p>\n\n\n\n<p>@desexenterado<\/p>\n","protected":false},"excerpt":{"rendered":"<p>OTRA DE LOS DIPUTADOS DEL GRUPO UNIVERSIDAD. &#8211; Estaban quietecitos luego que su l\u00edder fue internado en el penal de El Altiplano acusado del uso de recursos de procedencia il\u00edcita, lavado de dinero y delincuencia organizada. Pero se ve que le estudiaron hasta la madrugada y dij\u00e9ronse: \u201c\u00a1Listo, le vamos a hincar el diente al [&hellip;]<\/p>\n","protected":false},"author":93,"featured_media":0,"comment_status":"closed","ping_status":"open","sticky":false,"template":"","format":"standard","meta":{"footnotes":""},"categories":[83],"tags":[],"class_list":["post-150340","post","type-post","status-publish","format-standard","hentry","category-dese-por-enterado"],"_links":{"self":[{"href":"https:\/\/plazajuarez.mx\/historico\/wp-json\/wp\/v2\/posts\/150340","targetHints":{"allow":["GET"]}}],"collection":[{"href":"https:\/\/plazajuarez.mx\/historico\/wp-json\/wp\/v2\/posts"}],"about":[{"href":"https:\/\/plazajuarez.mx\/historico\/wp-json\/wp\/v2\/types\/post"}],"author":[{"embeddable":true,"href":"https:\/\/plazajuarez.mx\/historico\/wp-json\/wp\/v2\/users\/93"}],"replies":[{"embeddable":true,"href":"https:\/\/plazajuarez.mx\/historico\/wp-json\/wp\/v2\/comments?post=150340"}],"version-history":[{"count":0,"href":"https:\/\/plazajuarez.mx\/historico\/wp-json\/wp\/v2\/posts\/150340\/revisions"}],"wp:attachment":[{"href":"https:\/\/plazajuarez.mx\/historico\/wp-json\/wp\/v2\/media?parent=150340"}],"wp:term":[{"taxonomy":"category","embeddable":true,"href":"https:\/\/plazajuarez.mx\/historico\/wp-json\/wp\/v2\/categories?post=150340"},{"taxonomy":"post_tag","embeddable":true,"href":"https:\/\/plazajuarez.mx\/historico\/wp-json\/wp\/v2\/tags?post=150340"}],"curies":[{"name":"wp","href":"https:\/\/api.w.org\/{rel}","templated":true}]}}