{"id":150333,"date":"2021-01-27T20:16:38","date_gmt":"2021-01-28T02:16:38","guid":{"rendered":"https:\/\/plazajuarez.mx\/?p=150333"},"modified":"2021-01-27T20:16:49","modified_gmt":"2021-01-28T02:16:49","slug":"mexico-suma-153639-muertes-por-covid-y-un-millon-806-mil-contagios","status":"publish","type":"post","link":"https:\/\/plazajuarez.mx\/historico\/mexico-suma-153639-muertes-por-covid-y-un-millon-806-mil-contagios\/","title":{"rendered":"M\u00e9xico suma 153,639 muertes por Covid y un mill\u00f3n 806 mil contagios"},"content":{"rendered":"\n<p>M\u00e9xico acumul\u00f3, al corte de este 27 de enero, 153 mil 639 muertes por Covid-19, con un mill\u00f3n 806 mil 849 casos de contagios confirmados de coronavirus, seg\u00fan informaron autoridades de la\u00a0Secretar\u00eda de Salud.<\/p>\n\n\n\n<p>En las \u00faltimas 24 horas, M\u00e9xico sum\u00f3 17 mil 944 casos nuevos y mil 623 muertes por coronavirus.\u00a0<\/p>\n\n\n\n<p>Inegi reporta 45% m\u00e1s casos de muertes que Salud<\/p>\n\n\n\n<p>Entre enero y agosto de 2020, se registraron 683 mil 823 defunciones, cifra 36.8% superior a las 467 mil 264 reportadas en el mismo periodo del a\u00f1o anterior, producto principalmente de la pandemia por Covid-19, inform\u00f3 el Inegi.<\/p>\n\n\n\n<p>Las defunciones por Covid-19, en el periodo de enero a agosto de 2020, ocupan la segunda causa de muerte a nivel global con 108 mil 658 casos, por debajo de las enfermedades del coraz\u00f3n que ocupan el primer lugar con 141 mil 873 y por encima de la diabetes mellitus que ocupa el tercer lugar con 99 mil 733.<\/p>\n","protected":false},"excerpt":{"rendered":"<p>M\u00e9xico acumul\u00f3, al corte de este 27 de enero, 153 mil 639 muertes por Covid-19, con un mill\u00f3n 806 mil 849 casos de contagios confirmados de coronavirus, seg\u00fan informaron autoridades de la\u00a0Secretar\u00eda de Salud. En las \u00faltimas 24 horas, M\u00e9xico sum\u00f3 17 mil 944 casos nuevos y mil 623 muertes por coronavirus.\u00a0 Inegi reporta 45% [&hellip;]<\/p>\n","protected":false},"author":81,"featured_media":148742,"comment_status":"closed","ping_status":"open","sticky":false,"template":"","format":"standard","meta":{"footnotes":""},"categories":[15,36],"tags":[],"class_list":["post-150333","post","type-post","status-publish","format-standard","has-post-thumbnail","hentry","category-destacadas","category-nacion"],"_links":{"self":[{"href":"https:\/\/plazajuarez.mx\/historico\/wp-json\/wp\/v2\/posts\/150333","targetHints":{"allow":["GET"]}}],"collection":[{"href":"https:\/\/plazajuarez.mx\/historico\/wp-json\/wp\/v2\/posts"}],"about":[{"href":"https:\/\/plazajuarez.mx\/historico\/wp-json\/wp\/v2\/types\/post"}],"author":[{"embeddable":true,"href":"https:\/\/plazajuarez.mx\/historico\/wp-json\/wp\/v2\/users\/81"}],"replies":[{"embeddable":true,"href":"https:\/\/plazajuarez.mx\/historico\/wp-json\/wp\/v2\/comments?post=150333"}],"version-history":[{"count":0,"href":"https:\/\/plazajuarez.mx\/historico\/wp-json\/wp\/v2\/posts\/150333\/revisions"}],"wp:featuredmedia":[{"embeddable":true,"href":"https:\/\/plazajuarez.mx\/historico\/wp-json\/wp\/v2\/media\/148742"}],"wp:attachment":[{"href":"https:\/\/plazajuarez.mx\/historico\/wp-json\/wp\/v2\/media?parent=150333"}],"wp:term":[{"taxonomy":"category","embeddable":true,"href":"https:\/\/plazajuarez.mx\/historico\/wp-json\/wp\/v2\/categories?post=150333"},{"taxonomy":"post_tag","embeddable":true,"href":"https:\/\/plazajuarez.mx\/historico\/wp-json\/wp\/v2\/tags?post=150333"}],"curies":[{"name":"wp","href":"https:\/\/api.w.org\/{rel}","templated":true}]}}