{"id":150196,"date":"2021-01-27T07:24:51","date_gmt":"2021-01-27T13:24:51","guid":{"rendered":"https:\/\/plazajuarez.mx\/?p=150196"},"modified":"2021-01-27T07:25:12","modified_gmt":"2021-01-27T13:25:12","slug":"retratos-hablados-1022","status":"publish","type":"post","link":"https:\/\/plazajuarez.mx\/historico\/retratos-hablados-1022\/","title":{"rendered":"RETRATOS HABLADOS"},"content":{"rendered":"\n<h2 class=\"wp-block-heading\"><strong>M\u00e1s nos vale que AMLO est\u00e9 sano<\/strong><\/h2>\n\n\n\n<p>\u201cQuien haya tenido la desgracia de padecer el Covid-19 sabr\u00e1 que no es asunto de juego, y que a una edad determinada le baja la soberbia hasta al m\u00e1s poderoso. Eso s\u00ed, siempre y cuando la enfermedad no formara parte de una mentira o un show montado para lograr otros objetivos. Pero al enfermo real lo hinca, le hace llorar y solo que fuera Superman podr\u00eda mantenerse en su trabajo a distancia. No se puede y trabajar en esas condiciones es una irresponsabilidad porque no se pueden tomar las mejores decisiones. Es como si lo treparan a un tr\u00e1iler y le exigieran que manejara bien\u201d.<\/p>\n\n\n\n<p>No es una declaraci\u00f3n \u00fanica, sino la recopilaci\u00f3n de lo que han expresado personas arriba de los 60 a\u00f1os que han sobrevivido al virus con todo y padecer hipertensi\u00f3n arterial, algunas diabetes y hasta obesidad. Son un verdadero milagro, porque buena parte de los difuntos que por desgracia suma M\u00e9xico cada d\u00eda, tienen las caracter\u00edsticas descritas.<\/p>\n\n\n\n<p>Pero lo cierto es que ninguno de ellos olvida los d\u00edas que vivi\u00f3, que padeci\u00f3 bajo la sombra de la muerte y con dolores que nada m\u00e1s de recordar les erizan la piel: \u201ca nadie se le desea, es horrible no poder respirar, sentir que uno se va a ahogar. Duele la cabeza como si alguien te pegara con un martillo, los ojos se salen cuando toses y el pecho suena a caverna llena de agua\u201d.<\/p>\n\n\n\n<p>Ninguno presume que enfrent\u00f3 al Covid-19 con valent\u00eda o el compromiso por sus semejantes, porque cuando el dolor es de tal grado no hay tiempo para acciones de buena voluntad, o para querer contar que se portaron como h\u00e9roes, \u201clloras porque no vas a volver a ver a tus hijos, a tu pareja, a tus nietos. Lloras porque ya sabes que ni un perro se queda tan solito para ser incinerado o enterrado apenas acompa\u00f1ado de los que bajan la caja y cierran con mezcla\u201d.<\/p>\n\n\n\n<p>Por eso les resulta dif\u00edcil, casi imposible creer a estas alturas que alguien, por muy poderoso que pueda ser, deja de sentir los dolores y el miedo a la muerte, pero adem\u00e1s ejercer el poder a control remoto con un caf\u00e9 en la mano y un jugo quitado de la pena.<\/p>\n\n\n\n<p>\u201cYo tengo 66 a\u00f1os, soy hipertenso y aunque tengo controlada la diabetes simplemente no aguant\u00e9 desde el primer d\u00eda. Pens\u00e9 que era puro chisme que el Covid duele, es m\u00e1s estaba seguro que a los que mataba era porque ya estaban enfermos, pero sentir que te explota la cabeza, que los pulmones se apachurran y que cualquier rato quedas muerto te hace volver a comprender que estamos de paso, que no hay dinero que sirva para nada en estos asuntos\u201d.<\/p>\n\n\n\n<p>As\u00ed que el hecho concreto es que lo mejor para el pa\u00eds ser\u00eda que la enfermedad del Jefe de la Naci\u00f3n simplemente fuera una estrategia, y si le funciona pues qu\u00e9 bien. Porque si el asunto va en serio el futuro de M\u00e9xico se antoja complicado y nadie puede descartar que a la vuelta de la esquina estemos gobernados por un residente de uniforme verde olivo, lentes oscuros y vocaci\u00f3n por las imposiciones.<\/p>\n\n\n\n<p>A veces, muchas veces, m\u00e1s vale malo por conocido que bueno por conocer. Y es una frase que de manera machacona circula el territorio nacional.<\/p>\n\n\n\n<p>Lo cierto es que quien contrae el virus y tiene arriba de 60 o 65 a\u00f1os ya sac\u00f3 boleto para la ruleta rusa, esa que a veces se dispara y a veces no. Jugar ese juego es una locura, igual que apostar porque de pronto un Jefe de la Naci\u00f3n desaparezca.<\/p>\n\n\n\n<p>Para bien o para mal el Presidente es el eje fundamental sobre el que descansa la estabilidad y se achica la vocaci\u00f3n de poder de los militares.<\/p>\n\n\n\n<p>As\u00ed que en cualquier escenario, es decir un Covid real o uno ficticio, m\u00e1s nos vale que el inquilino del Palacio Nacional regrese pronto y sin problemas a su responsabilidad.<\/p>\n\n\n\n<p><strong>Mil gracias, hasta ma\u00f1ana.<\/strong><\/p>\n\n\n\n<p><a href=\"mailto:jeperalta@plazajuarez.mx\/historico\/historico\">jeperalta@plazajuarez.mx\/historico\/historico<\/a><\/p>\n\n\n\n<p>@JavierEPeralta<\/p>\n","protected":false},"excerpt":{"rendered":"<p>M\u00e1s nos vale que AMLO est\u00e9 sano \u201cQuien haya tenido la desgracia de padecer el Covid-19 sabr\u00e1 que no es asunto de juego, y que a una edad determinada le baja la soberbia hasta al m\u00e1s poderoso. Eso s\u00ed, siempre y cuando la enfermedad no formara parte de una mentira o un show montado para [&hellip;]<\/p>\n","protected":false},"author":10,"featured_media":0,"comment_status":"closed","ping_status":"open","sticky":false,"template":"","format":"standard","meta":{"footnotes":""},"categories":[49,42],"tags":[],"class_list":["post-150196","post","type-post","status-publish","format-standard","hentry","category-javier-peralta","category-nuestrapalabra"],"_links":{"self":[{"href":"https:\/\/plazajuarez.mx\/historico\/wp-json\/wp\/v2\/posts\/150196","targetHints":{"allow":["GET"]}}],"collection":[{"href":"https:\/\/plazajuarez.mx\/historico\/wp-json\/wp\/v2\/posts"}],"about":[{"href":"https:\/\/plazajuarez.mx\/historico\/wp-json\/wp\/v2\/types\/post"}],"author":[{"embeddable":true,"href":"https:\/\/plazajuarez.mx\/historico\/wp-json\/wp\/v2\/users\/10"}],"replies":[{"embeddable":true,"href":"https:\/\/plazajuarez.mx\/historico\/wp-json\/wp\/v2\/comments?post=150196"}],"version-history":[{"count":0,"href":"https:\/\/plazajuarez.mx\/historico\/wp-json\/wp\/v2\/posts\/150196\/revisions"}],"wp:attachment":[{"href":"https:\/\/plazajuarez.mx\/historico\/wp-json\/wp\/v2\/media?parent=150196"}],"wp:term":[{"taxonomy":"category","embeddable":true,"href":"https:\/\/plazajuarez.mx\/historico\/wp-json\/wp\/v2\/categories?post=150196"},{"taxonomy":"post_tag","embeddable":true,"href":"https:\/\/plazajuarez.mx\/historico\/wp-json\/wp\/v2\/tags?post=150196"}],"curies":[{"name":"wp","href":"https:\/\/api.w.org\/{rel}","templated":true}]}}