{"id":150193,"date":"2021-01-27T07:23:16","date_gmt":"2021-01-27T13:23:16","guid":{"rendered":"https:\/\/plazajuarez.mx\/?p=150193"},"modified":"2021-01-27T07:23:32","modified_gmt":"2021-01-27T13:23:32","slug":"alfil-negro-2008","status":"publish","type":"post","link":"https:\/\/plazajuarez.mx\/historico\/alfil-negro-2008\/","title":{"rendered":"ALFIL NEGRO"},"content":{"rendered":"\n<h2 class=\"wp-block-heading\"><strong>\u00bfAS\u00cd, O M\u00c1S CLARO?<\/strong><\/h2>\n\n\n\n<p>En el caso de la pandemia en Hidalgo, se debe aceptar que la autoridad sanitaria ha sido clara en su informaci\u00f3n a la ciudadan\u00eda, llam\u00e1ndole al pan, pan y al vino, vino, queriendo decir con esta afirmaci\u00f3n que se le brinda a los ciudadanos lo que est\u00e1 pasando en ocasiones con crudeza, pero apegados a la verdad para que se midan m\u00e1s cosas y se act\u00fae en consecuencia.<\/p>\n\n\n\n<p>Alejandro Efra\u00edn Ben\u00edtez, el Secretario de Salud, no le da vueltas al tema y con cifras y hechos se ha dirigido a los ciudadanos en los espacios&nbsp; informativos a los que se le invita o en las conferencias en l\u00ednea que est\u00e1 dando cada semana.<\/p>\n\n\n\n<p>La de ayer, martes 26 de enero, es un ejemplo de ese lenguaje.<\/p>\n\n\n\n<p>De manera clara le dijo a todos entre otras cosas que: los hospitales de Pachuca y la zona conurbada que son los municipios vecinos, EST\u00c1N LLENOS, AL CIEN POR CIENTO, QUE NO HAY LUGAR PARA RECIBIR PACIENTES Y QUE SI HAY NECESIDAD, AL ENFERMO SE LO LLEVAR\u00c1N A NOSOCOMIOS DE HUEJUTLA, LOLOTLA O ZIMAP\u00c1N, QUE ES DONDE TODAV\u00cdA&nbsp; HAY CAMAS.<\/p>\n\n\n\n<p>As\u00ed de fuerte y dif\u00edcil el panorama, y que gracias a que en hospitales de Sierra y Huasteca hay lugar nuestro sistema de salud EST\u00c1 SATURADO PERO NO COLAPSADO.<\/p>\n\n\n\n<p>Con todas sus letras, el doctor Ben\u00edtez dijo que en este momento hay 761 enfermos&nbsp; hospitalizados, Y QUE EL 51 POR CIENTO DE ELLOS, es decir 380, est\u00e1n en estado grave y muchos hasta intubados.<\/p>\n\n\n\n<p>Agreg\u00f3 algo que se debe pensar: que la edad de los que se enferman y contagian, va de los 45 a los 60 a\u00f1os, porque las personas mayores se resguardan o los resguardan en su casa.<\/p>\n\n\n\n<p>Qu\u00e9 hay escasez de medicinas, porque las farmac\u00e9uticas no las surten y que el personal m\u00e9dico est\u00e1 agotado y estrenado.<\/p>\n\n\n\n<p>Que el Covid provoca lo que se conoce como S\u00cdNDROME VASCULAR, porque muchos de los enfermos tienen obesidad o diabetes, enfermedades en las que M\u00e9xico es el pa\u00eds que tiene m\u00e1s casos en el mundo y que, c\u00f3mo est\u00e1 la situaci\u00f3n, lo seguro es que estaremos otra vez en rojo la semana que viene.<\/p>\n\n\n\n<p>Y desde luego tambi\u00e9n noticias buenas y esperanzadoras: que Secretar\u00edas del gobierno estatal trabajan para conseguir vacunas advirtiendo que los municipios no est\u00e1n autorizados por el gobierno federal para la compra del f\u00e1rmaco, que la Secretar\u00eda de Transporte y Movilidad&nbsp; trabaja en protocolos para hacer m\u00e1s seguro en sanidad el transporte p\u00fablico&nbsp; y que si hay responsabilidad ciudadana, en dos semanas podr\u00edamos empezar a ver disminuci\u00f3n de contagios y fallecimientos.<\/p>\n\n\n\n<p>Y nuevamente el llamado a todos para ser responsables y solidarios atendiendo las medidas para frenar los contagios.<\/p>\n\n\n\n<p>No deja lugar a dudas en su informe de la pandemia.<\/p>\n\n\n\n<p>Sabemos c\u00f3mo estamos y a d\u00f3nde caminamos si no somos responsables. Nadie puede decir que no sab\u00eda, porque alg\u00fan miembro de la familia se entera y lo platica con todos.<\/p>\n\n\n\n<p>La situaci\u00f3n es dif\u00edcil.<\/p>\n\n\n\n<p>Pero no se puede decir que no se les dijo a todos la realidad de la pandemia, as\u00ed como las consecuencias si siguen las irresponsabilidades.<\/p>\n\n\n\n<p>De todos depende que esto no salga de cauce.<\/p>\n\n\n\n<p><strong>\u00bfAs\u00ed\u2026? \u00bfO m\u00e1s claro?<\/strong><\/p>\n","protected":false},"excerpt":{"rendered":"<p>\u00bfAS\u00cd, O M\u00c1S CLARO? En el caso de la pandemia en Hidalgo, se debe aceptar que la autoridad sanitaria ha sido clara en su informaci\u00f3n a la ciudadan\u00eda, llam\u00e1ndole al pan, pan y al vino, vino, queriendo decir con esta afirmaci\u00f3n que se le brinda a los ciudadanos lo que est\u00e1 pasando en ocasiones con [&hellip;]<\/p>\n","protected":false},"author":83,"featured_media":0,"comment_status":"closed","ping_status":"open","sticky":false,"template":"","format":"standard","meta":{"footnotes":""},"categories":[48,42],"tags":[],"class_list":["post-150193","post","type-post","status-publish","format-standard","hentry","category-adalberto-peralta","category-nuestrapalabra"],"_links":{"self":[{"href":"https:\/\/plazajuarez.mx\/historico\/wp-json\/wp\/v2\/posts\/150193","targetHints":{"allow":["GET"]}}],"collection":[{"href":"https:\/\/plazajuarez.mx\/historico\/wp-json\/wp\/v2\/posts"}],"about":[{"href":"https:\/\/plazajuarez.mx\/historico\/wp-json\/wp\/v2\/types\/post"}],"author":[{"embeddable":true,"href":"https:\/\/plazajuarez.mx\/historico\/wp-json\/wp\/v2\/users\/83"}],"replies":[{"embeddable":true,"href":"https:\/\/plazajuarez.mx\/historico\/wp-json\/wp\/v2\/comments?post=150193"}],"version-history":[{"count":0,"href":"https:\/\/plazajuarez.mx\/historico\/wp-json\/wp\/v2\/posts\/150193\/revisions"}],"wp:attachment":[{"href":"https:\/\/plazajuarez.mx\/historico\/wp-json\/wp\/v2\/media?parent=150193"}],"wp:term":[{"taxonomy":"category","embeddable":true,"href":"https:\/\/plazajuarez.mx\/historico\/wp-json\/wp\/v2\/categories?post=150193"},{"taxonomy":"post_tag","embeddable":true,"href":"https:\/\/plazajuarez.mx\/historico\/wp-json\/wp\/v2\/tags?post=150193"}],"curies":[{"name":"wp","href":"https:\/\/api.w.org\/{rel}","templated":true}]}}