{"id":150190,"date":"2021-01-27T07:21:38","date_gmt":"2021-01-27T13:21:38","guid":{"rendered":"https:\/\/plazajuarez.mx\/?p=150190"},"modified":"2021-01-27T07:21:54","modified_gmt":"2021-01-27T13:21:54","slug":"dese-por-enterado-829","status":"publish","type":"post","link":"https:\/\/plazajuarez.mx\/historico\/dese-por-enterado-829\/","title":{"rendered":"DESE POR ENTERADO"},"content":{"rendered":"\n<p><strong>HIDALGO LOGRAR\u00c1 LA VACUNA. &#8211;<\/strong> Casi puedo asegurarle que los buenos oficios negociadores del gobernador Fayad y un equipo comandado por Jos\u00e9 Luis Romo, permitir\u00e1 lo que en otras entidades ni en sue\u00f1os: adquirir directamente la vacuna anti Covid para atender las necesidades de los hidalguenses. An\u00f3telo y si me equivoco me reclama, pero la gran diferencia entre los que ya anunciaron que simplemente les dijeron que no hay y si acaso hasta diciembre, es que aqu\u00ed s\u00ed tienen camino andado en las \u00e1reas internacionales, y que saben qu\u00e9 puertas ir a tocar. As\u00ed de simple.<\/p>\n\n\n\n<hr class=\"wp-block-separator\"\/>\n\n\n\n<p><strong>POR LO MIENTRAS, SEGUIREMOS EN SEM\u00c1FORO ROJO. &#8211;<\/strong> Es de esperarse que la pr\u00f3xima semana se registre una desaceleraci\u00f3n en el n\u00famero de contagios y defunciones de Covid-19 en Hidalgo. Pero en tanto eso sucede, seguir\u00e1 el sem\u00e1foro rojo, que implica el cierre casi total de cualquier actividad. Por muchas razones todos esperamos que la situaci\u00f3n tienda a disminuir en cuanto a gravedad, para que muchos hidalguenses que viven condiciones dram\u00e1ticas por la falta de recursos econ\u00f3micos, puedan regresar a sus trabajos. Ojal\u00e1 as\u00ed sea, y mientras a cuidarnos.<\/p>\n\n\n\n<hr class=\"wp-block-separator\"\/>\n\n\n\n<p><strong>MINERAL DE LA REFORMA, UNA TRAGEDIA. &#8211;<\/strong> En muy pocos d\u00edas el ex alcalde de Mineral de la Reforma, Ra\u00fal Camacho Ba\u00f1os, perdi\u00f3 a sus padres. La tambi\u00e9n ex alcaldesa, Mar\u00eda Guadalupe Ba\u00f1os falleci\u00f3 la semana pasada v\u00edctima de Covid-19; la tarde de ayer su pap\u00e1, Ra\u00fal Camacho Pagola, tambi\u00e9n muri\u00f3. Una tragedia para cualquier familia, todav\u00eda m\u00e1s si el hijo vive momentos nada f\u00e1ciles con la justicia por su labor al frente del ayuntamiento de Mineral de la Reforma. Nadie sabe el porqu\u00e9 a veces se suman tantas tragedias en tan poco tiempo, pero sin duda son terribles para cualquiera.<\/p>\n\n\n\n<hr class=\"wp-block-separator\"\/>\n\n\n\n<p><strong>DUCTO HUACHICOLERO, NO ES GARZA. &#8211;<\/strong> Por si alg\u00fan mal pensado ya daba por hecho que el ducto huachicolero encontrado por las autoridades en la Ciudad del Conocimiento se refer\u00eda a nuestra Universidad Aut\u00f3noma del Estado de Hidalgo, s\u00e9panlo que no es as\u00ed, que es en la otra y que aqu\u00ed puro hidrocarburo lega-lega-legal. Ya todos casi celebraban que les hab\u00eda ca\u00eddo la justicia, pero cuando menos en asuntos gasolineros no, nada de eso. Ya pueden descansar los enemigos del glorioso Grupo Universidad.<\/p>\n\n\n\n<hr class=\"wp-block-separator\"\/>\n\n\n\n<p><strong><em>Aviso para que no digan: Esa columna se nutre de comentarios recabados en agencias del Recontra-Espionaje, muy similares a las que populariz\u00f3 el \u201cS\u00faper Agente 86\u201d en sus tiempos. Como tal, usted est\u00e1 en libertad de creer o no lo que lee, recontra-enojarse, recontra-carcajearse y hasta recontra-recordarnos a nuestra jefecita (nosotros recontra-hacemos lo propio). Avisado est\u00e1 usted.<\/em><\/strong><\/p>\n\n\n\n<p>Dudas y comentarios:<\/p>\n\n\n\n<p><a href=\"mailto:desexenterado@gmail.com\">desexenterado@gmail.com<\/a><\/p>\n\n\n\n<p>@desexenterado<\/p>\n","protected":false},"excerpt":{"rendered":"<p>HIDALGO LOGRAR\u00c1 LA VACUNA. &#8211; Casi puedo asegurarle que los buenos oficios negociadores del gobernador Fayad y un equipo comandado por Jos\u00e9 Luis Romo, permitir\u00e1 lo que en otras entidades ni en sue\u00f1os: adquirir directamente la vacuna anti Covid para atender las necesidades de los hidalguenses. An\u00f3telo y si me equivoco me reclama, pero la [&hellip;]<\/p>\n","protected":false},"author":93,"featured_media":0,"comment_status":"closed","ping_status":"open","sticky":false,"template":"","format":"standard","meta":{"footnotes":""},"categories":[83],"tags":[],"class_list":["post-150190","post","type-post","status-publish","format-standard","hentry","category-dese-por-enterado"],"_links":{"self":[{"href":"https:\/\/plazajuarez.mx\/historico\/wp-json\/wp\/v2\/posts\/150190","targetHints":{"allow":["GET"]}}],"collection":[{"href":"https:\/\/plazajuarez.mx\/historico\/wp-json\/wp\/v2\/posts"}],"about":[{"href":"https:\/\/plazajuarez.mx\/historico\/wp-json\/wp\/v2\/types\/post"}],"author":[{"embeddable":true,"href":"https:\/\/plazajuarez.mx\/historico\/wp-json\/wp\/v2\/users\/93"}],"replies":[{"embeddable":true,"href":"https:\/\/plazajuarez.mx\/historico\/wp-json\/wp\/v2\/comments?post=150190"}],"version-history":[{"count":0,"href":"https:\/\/plazajuarez.mx\/historico\/wp-json\/wp\/v2\/posts\/150190\/revisions"}],"wp:attachment":[{"href":"https:\/\/plazajuarez.mx\/historico\/wp-json\/wp\/v2\/media?parent=150190"}],"wp:term":[{"taxonomy":"category","embeddable":true,"href":"https:\/\/plazajuarez.mx\/historico\/wp-json\/wp\/v2\/categories?post=150190"},{"taxonomy":"post_tag","embeddable":true,"href":"https:\/\/plazajuarez.mx\/historico\/wp-json\/wp\/v2\/tags?post=150190"}],"curies":[{"name":"wp","href":"https:\/\/api.w.org\/{rel}","templated":true}]}}