{"id":150050,"date":"2021-01-26T07:07:18","date_gmt":"2021-01-26T13:07:18","guid":{"rendered":"https:\/\/plazajuarez.mx\/?p=150050"},"modified":"2021-01-26T07:07:39","modified_gmt":"2021-01-26T13:07:39","slug":"alfil-negro-2007","status":"publish","type":"post","link":"https:\/\/plazajuarez.mx\/historico\/alfil-negro-2007\/","title":{"rendered":"ALFIL NEGRO"},"content":{"rendered":"\n<h2 class=\"wp-block-heading\">AS\u00cd, NO SE PUEDE<\/h2>\n\n\n\n<p>Estamos en Hidalgo en los d\u00edas m\u00e1s dif\u00edciles de la pandemia, con m\u00e1s de 26 mil contagiados en total y m\u00e1s de 4288 fallecidos, los hospitales en muchos casos llenos de pacientes y escasez&nbsp; de medicamentos que enredan m\u00e1s este problema, si acaso con la posibilidad de tener vacunas en el estado, en un trabajo de obtenerlas, en el que junto al gobernador se suma casi todo el gabinete, y la exigencia permanente y urgente de que la ciudadana sea la&nbsp; respuesta m\u00e1s fuerte contra este virus atendiendo las medidas que todos conocemos.<\/p>\n\n\n\n<p>Por desgracia, el virus se ha posicionado de manera tan brutal, que ya no es asunto del que no tengamos noticias, porque aqu\u00ed en Hidalgo, en nuestro municipio, entre nuestros conocidos y en la familia, muchos ya sabemos lo que es y lo dif\u00edcil que se dan las cosas.<\/p>\n\n\n\n<p>Para la mayor\u00eda, no hace falta que se les diga que es una enfermedad que lastima y quita la vida, porque ya lo sabemos, y en muchos casos se ha sufrido en carne propia.<\/p>\n\n\n\n<p>Se podr\u00eda pensar que ni falta hace que la autoridad haga llamados a quedarse en casa cuando se puede, a usar gel, cubrebocas, lavarse las manos y guardar la sana distancia, porque lo \u00fanico que hace falta es sentido com\u00fan para actuar correctamente.<\/p>\n\n\n\n<p>Pues \u00bfqu\u00e9 cree usted? Que no, que hay muchas personas a las que les vale lo de la pandemia y se inconforman contra las medidas, consideran que no son justas y protestan exigiendo apertura de sus negocios con un lema que suena bien pero donde se anteponen&nbsp; las ganancias econ\u00f3micas sobre la vida misma, y afirman que: &#8220;abrimos o morimos&#8221;, lo cual es igual a &#8220;d\u00e9jennos abrir nuestros negocios sino moriremos&#8221;. La verdad es que es una afirmaci\u00f3n que no es v\u00e1lida, porque no puede haber en este momento un valor superior a salvar la vida.<\/p>\n\n\n\n<p>Pero digamos que tienen un argumento, que se debe interpretar como la urgencia de&nbsp; mantener activo su modo&nbsp; de vida frenado por la pandemia.<\/p>\n\n\n\n<p>Y como esta postura la de otros grupos que exigen lo mismo, actuar como si no hubiera pandemia, aunque eso s\u00ed se comprometen a tener todas las medidas anti contagios.<\/p>\n\n\n\n<p>Desde luego est\u00e1n en su derecho de pelear por sus negocios, pero en una sociedad contagiada y enferma, lo m\u00e1s seguro es que la clientela brille por su ausencia, quedando en claro que en esta hora lo urgente es frenar los contagios y salvar la vida.<\/p>\n\n\n\n<p>El colmo es de aquellos irresponsables, que piensan que a ellos no les pasa nada y se atreven a hechos lamentables y reprobables, como los de un bar en Plaza Del Valle, que tramposos, ten\u00edan una puerta disfraz como puerta de refrigerador para pasar a un local, donde se les serv\u00eda alcohol y como es l\u00f3gico, sin medidas de protecci\u00f3n.<\/p>\n\n\n\n<p>Tanto el due\u00f1o como los clientes mostraron muy poca responsabilidad, porque muchos de ellos pudieron contagiarse y llevar el virus a su casa.<\/p>\n\n\n\n<p>Y con toda seguridad, cuando est\u00e9n enfermos, ser\u00e1n de los que exigen atenci\u00f3n en los hospitales p\u00fablicos y se quejar\u00e1n de que no se les atiende como se merecen.<\/p>\n\n\n\n<p>Y as\u00ed&#8230; no se puede.<\/p>\n\n\n\n<p>Y no hay de otra, o jalamos todos parejos o pagaremos las consecuencias.<\/p>\n\n\n\n<p>Pero \u00bfc\u00f3mo ve usted a esos del bar?. \u00bfVerdad que no se vale?<\/p>\n","protected":false},"excerpt":{"rendered":"<p>AS\u00cd, NO SE PUEDE Estamos en Hidalgo en los d\u00edas m\u00e1s dif\u00edciles de la pandemia, con m\u00e1s de 26 mil contagiados en total y m\u00e1s de 4288 fallecidos, los hospitales en muchos casos llenos de pacientes y escasez&nbsp; de medicamentos que enredan m\u00e1s este problema, si acaso con la posibilidad de tener vacunas en el [&hellip;]<\/p>\n","protected":false},"author":83,"featured_media":0,"comment_status":"closed","ping_status":"open","sticky":false,"template":"","format":"standard","meta":{"footnotes":""},"categories":[48,42],"tags":[],"class_list":["post-150050","post","type-post","status-publish","format-standard","hentry","category-adalberto-peralta","category-nuestrapalabra"],"_links":{"self":[{"href":"https:\/\/plazajuarez.mx\/historico\/wp-json\/wp\/v2\/posts\/150050","targetHints":{"allow":["GET"]}}],"collection":[{"href":"https:\/\/plazajuarez.mx\/historico\/wp-json\/wp\/v2\/posts"}],"about":[{"href":"https:\/\/plazajuarez.mx\/historico\/wp-json\/wp\/v2\/types\/post"}],"author":[{"embeddable":true,"href":"https:\/\/plazajuarez.mx\/historico\/wp-json\/wp\/v2\/users\/83"}],"replies":[{"embeddable":true,"href":"https:\/\/plazajuarez.mx\/historico\/wp-json\/wp\/v2\/comments?post=150050"}],"version-history":[{"count":0,"href":"https:\/\/plazajuarez.mx\/historico\/wp-json\/wp\/v2\/posts\/150050\/revisions"}],"wp:attachment":[{"href":"https:\/\/plazajuarez.mx\/historico\/wp-json\/wp\/v2\/media?parent=150050"}],"wp:term":[{"taxonomy":"category","embeddable":true,"href":"https:\/\/plazajuarez.mx\/historico\/wp-json\/wp\/v2\/categories?post=150050"},{"taxonomy":"post_tag","embeddable":true,"href":"https:\/\/plazajuarez.mx\/historico\/wp-json\/wp\/v2\/tags?post=150050"}],"curies":[{"name":"wp","href":"https:\/\/api.w.org\/{rel}","templated":true}]}}