{"id":150047,"date":"2021-01-26T07:05:45","date_gmt":"2021-01-26T13:05:45","guid":{"rendered":"https:\/\/plazajuarez.mx\/?p=150047"},"modified":"2021-01-26T07:05:58","modified_gmt":"2021-01-26T13:05:58","slug":"laguna-de-voces-697","status":"publish","type":"post","link":"https:\/\/plazajuarez.mx\/historico\/laguna-de-voces-697\/","title":{"rendered":"LAGUNA DE VOCES"},"content":{"rendered":"\n<h2 class=\"wp-block-heading\">\u201cYa no est\u00e1, aunque siempre estar\u00e1\u201d<\/h2>\n\n\n\n<p>Ser\u00e1 necesario apostar al olvido, porque recordar a cada rato la desaparici\u00f3n de un familiar, un amigo, la se\u00f1ora siempre amable que vend\u00eda atole y tamales en la esquina, solo conduce a la amargura y la b\u00fasqueda incesante de culpables que -cuando menos en este caso- solo pueden ser encontrados a trav\u00e9s de conjeturas a las que solo pueden guiarlas el odio, el resentimiento, la angustia de no saber cu\u00e1ndo le toca a uno y entonces todo puede irse al carajo.<\/p>\n\n\n\n<p>Resulta un clamor constante que en cada guerra se guarde la memoria de las barbaridades cometidas en contra de multitudes, para que \u201cnunca m\u00e1s\u201d vuelvan a suceder esos hechos. Porque olvidar es el principio para que la historia se repita una y otra vez, incapacitados para salvar, salvarnos del \u00e1nimo destructivo que parece persigue a la humanidad.<\/p>\n\n\n\n<p>Pero en esta triste realidad que vivimos se trata de otro asunto, donde no hay nada que guardar ni conservar, como no sea la certeza de que cada determinado tiempo vendr\u00e1 un nuevo exterminio a manos de asesinos invisibles, crueles al grado de asfixiar minuto a minuto a una persona hasta que jala el \u00faltimo aliento y se va sin decir adi\u00f3s, sin saber a ciencia cierta lo que sucedi\u00f3.<\/p>\n\n\n\n<p>Nos da miedo apagarnos si recibir por lo menos la visita de amigos y enemigos que se conduelen de uno al vernos postrados en la cama de hospital, y donde la \u00fanica salida ser\u00e1 la funeraria para el \u00faltimo adi\u00f3s. Es decir que empieza a espantarnos el momento en que debamos cerrar los ojos, apagar la luz, entrar de lleno a esa oscuridad que creemos nada, y que efectivamente la nada resulte ser nada.<\/p>\n\n\n\n<p>Enterarnos que un enemigo de toda la vida vive sus \u00faltimos d\u00edas siempre trae como reacci\u00f3n el perd\u00f3n, porque a lo mejor un d\u00eda estamos en sus circunstancias. Si es amigo la despedida es fundamental, aunque regularmente se habla de un hasta siempre, que con todo y que sea hasta nunca, en una de esas nos encontramos al difunto a la vuelta de la esquina.<\/p>\n\n\n\n<p>Pero con este virus los que se van simplemente se van, y no hay tiempo ni oportunidad para preguntarle si fue feliz en su vida, si disfrut\u00f3 su estancia en la tierra, si conserva la fe rotunda que hablaba de otros mundos, otra vida completita.<\/p>\n\n\n\n<p>Simplemente avisan que ya no est\u00e1, que tampoco hubo velaci\u00f3n, que nadie se reuni\u00f3 en la funeraria para recordar lo poco o mucho que de esa persona se ten\u00eda en la memoria. Ya no est\u00e1, simplemente ya no est\u00e1.<\/p>\n\n\n\n<p>Y cada quien buscar\u00e1 responsables, culpables si es el caso, y dirigir\u00e1 mensajes que casi convocan al linchamiento porque la muerte no puede ser tan cruel ni en sus peores momentos como para desaparecer a la gente que uno quiere sin tocarse el coraz\u00f3n.<\/p>\n\n\n\n<p>Vamos para un a\u00f1o exacto.<\/p>\n\n\n\n<p>No se ve para cu\u00e1ndo termine este infierno del miedo y la zozobra.<\/p>\n\n\n\n<p>Son demasiados los muertos. El Presidente est\u00e1 contagiado y por supuesto quien se encuentre libre de pecado que le arroje la primera piedra. Muchos desde el anonimato lo han hecho, pero siempre lo han hecho.<\/p>\n\n\n\n<p>Tal vez aprendamos para un futuro si es que de esta salimos, y con seguridad lo \u00fanico que podr\u00edamos aprender es que lo mejor es olvidar, porque otro virus m\u00e1s letal y cruel puede surgir sin que sepamos ni su direcci\u00f3n, padre y madre si la tiene.&nbsp;<\/p>\n\n\n\n<p>As\u00ed que nos guste o no olvidemos c\u00f3mo se van, c\u00f3mo se fueron miles. Recordemos mejor c\u00f3mo llegaron a nuestras vidas, c\u00f3mo llegamos a las suyas. Recordemos que recordamos su recuerdo, sus risas, sus palabras y que un d\u00eda simplemente no dijeron: \u201cya no est\u00e1\u2026 aunque siempre estar\u00e1\u201d.<\/p>\n\n\n\n<p>Mil gracias, hasta ma\u00f1ana.<\/p>\n\n\n\n<p><a href=\"mailto:jeperalta@plazajuarez.mx\/historico\/historico\">jeperalta@plazajuarez.mx\/historico\/historico<\/a><\/p>\n\n\n\n<p>@JavierEPeralta<\/p>\n","protected":false},"excerpt":{"rendered":"<p>\u201cYa no est\u00e1, aunque siempre estar\u00e1\u201d Ser\u00e1 necesario apostar al olvido, porque recordar a cada rato la desaparici\u00f3n de un familiar, un amigo, la se\u00f1ora siempre amable que vend\u00eda atole y tamales en la esquina, solo conduce a la amargura y la b\u00fasqueda incesante de culpables que -cuando menos en este caso- solo pueden ser [&hellip;]<\/p>\n","protected":false},"author":10,"featured_media":0,"comment_status":"closed","ping_status":"open","sticky":false,"template":"","format":"standard","meta":{"footnotes":""},"categories":[49,42],"tags":[],"class_list":["post-150047","post","type-post","status-publish","format-standard","hentry","category-javier-peralta","category-nuestrapalabra"],"_links":{"self":[{"href":"https:\/\/plazajuarez.mx\/historico\/wp-json\/wp\/v2\/posts\/150047","targetHints":{"allow":["GET"]}}],"collection":[{"href":"https:\/\/plazajuarez.mx\/historico\/wp-json\/wp\/v2\/posts"}],"about":[{"href":"https:\/\/plazajuarez.mx\/historico\/wp-json\/wp\/v2\/types\/post"}],"author":[{"embeddable":true,"href":"https:\/\/plazajuarez.mx\/historico\/wp-json\/wp\/v2\/users\/10"}],"replies":[{"embeddable":true,"href":"https:\/\/plazajuarez.mx\/historico\/wp-json\/wp\/v2\/comments?post=150047"}],"version-history":[{"count":0,"href":"https:\/\/plazajuarez.mx\/historico\/wp-json\/wp\/v2\/posts\/150047\/revisions"}],"wp:attachment":[{"href":"https:\/\/plazajuarez.mx\/historico\/wp-json\/wp\/v2\/media?parent=150047"}],"wp:term":[{"taxonomy":"category","embeddable":true,"href":"https:\/\/plazajuarez.mx\/historico\/wp-json\/wp\/v2\/categories?post=150047"},{"taxonomy":"post_tag","embeddable":true,"href":"https:\/\/plazajuarez.mx\/historico\/wp-json\/wp\/v2\/tags?post=150047"}],"curies":[{"name":"wp","href":"https:\/\/api.w.org\/{rel}","templated":true}]}}