{"id":150034,"date":"2021-01-26T07:12:00","date_gmt":"2021-01-26T13:12:00","guid":{"rendered":"https:\/\/plazajuarez.mx\/?p=150034"},"modified":"2021-01-26T07:13:22","modified_gmt":"2021-01-26T13:13:22","slug":"secretario-de-salud-anuncia-reunion-con-astra-zeneca-para-adquirir-la-vacuna-contra-covid-19","status":"publish","type":"post","link":"https:\/\/plazajuarez.mx\/historico\/secretario-de-salud-anuncia-reunion-con-astra-zeneca-para-adquirir-la-vacuna-contra-covid-19\/","title":{"rendered":"Hoy, reuni\u00f3n con AstraZeneca para adquirir vacuna contra Covid"},"content":{"rendered":"\n<p>El titular de la Secretar\u00eda de Salud de Hidalgo (SSH) Efra\u00edn Ben\u00edtez Herrera, inform\u00f3 que hoy establecer\u00e1 una reuni\u00f3n con AstraZeneca con la finalidad de llegar a un acuerdo para la adquisici\u00f3n de vacuna contra Covid-19.<\/p>\n\n\n\n<p>Lo anterior, record\u00f3, es resultado de la sugerencia del gobernador del estado, Omar Fayad Meneses a la secretaria de Gobernaci\u00f3n federal, Olga S\u00e1nchez Cordero, para que los gobiernos estatales puedan tener la posibilidad de adquirir la vacuna.<\/p>\n\n\n\n<p>En ese sentido, en entrevista para el programa \u201cAl Aire\u201d del Sistema de Radio y Televisi\u00f3n de Hidalgo, el titular de la SSH coment\u00f3: \u201cdesde el viernes el gobernador instruy\u00f3 a la Secretar\u00eda de Salud de Hidalgo para hacer contacto con farmac\u00e9uticas, ma\u00f1ana (hoy) tengo una conferencia con representantes de AstraZeneca para establecer di\u00e1logo y si llegamos a un acuerdo importar la vacuna al estado\u201d.<\/p>\n\n\n\n<p>Ben\u00edtez Herrera indic\u00f3 que en la reuni\u00f3n con la farmac\u00e9utica ir\u00e1 en funci\u00f3n del precio y la disponibilidad, luego que la entidad solicitar\u00e1 alrededor de dos millones de dosis para inmunizar a la poblaci\u00f3n hidalguense.<\/p>\n\n\n\n<p>Detall\u00f3:&nbsp; \u201ctenemos dos millones 600 mil hidalguenses, pero no todos son candidatos a vacunarse, hay normativas emitidas por la Organizaci\u00f3n Mundial de la Salud (OMS), por ejemplo no se puede vacunar a menores de 15 a\u00f1os ni a mujeres embarazadas, eso disminuye el universo, vamos a requerir dos millones de dosis, ese ser\u00eda el universo, hasta el momento hemos aplicado 11 mil dosis de vacunas a empleados de salud, todav\u00eda nos falta mucha gente\u201d.<\/p>\n\n\n\n<p>El funcionario estatal precis\u00f3 que la compra de vacuna no significa que el gobierno federal deje de enviar dosis a la entidad: \u201cHay un compromiso, un contrato gobierno federal para seguir enviando vacunas, sin embargo las cantidades que las farmac\u00e9uticas han comprometido para traer a M\u00e9xico no alcanza para cubrir mas del 50 por ciento de la poblaci\u00f3n\u201d.<\/p>\n\n\n\n<p>Finalmente, apunt\u00f3 que en el proceso intervienen todas las \u00e1reas de gobierno; \u201ctodo el gabinete est\u00e1 trabajando en esto, Planeaci\u00f3n, Pol\u00edtica P\u00fablica, Desarrollo Econ\u00f3mico para satisfacer este requerimiento urgente que tiene el estado y el pa\u00eds en general\u201d.<\/p>\n","protected":false},"excerpt":{"rendered":"<p>El titular de la Secretar\u00eda de Salud de Hidalgo (SSH) Efra\u00edn Ben\u00edtez Herrera, inform\u00f3 que hoy establecer\u00e1 una reuni\u00f3n con AstraZeneca con la finalidad de llegar a un acuerdo para la adquisici\u00f3n de vacuna contra Covid-19. Lo anterior, record\u00f3, es resultado de la sugerencia del gobernador del estado, Omar Fayad Meneses a la secretaria de [&hellip;]<\/p>\n","protected":false},"author":73,"featured_media":150057,"comment_status":"closed","ping_status":"open","sticky":false,"template":"","format":"standard","meta":{"footnotes":""},"categories":[15,59],"tags":[],"class_list":["post-150034","post","type-post","status-publish","format-standard","has-post-thumbnail","hentry","category-destacadas","category-general"],"_links":{"self":[{"href":"https:\/\/plazajuarez.mx\/historico\/wp-json\/wp\/v2\/posts\/150034","targetHints":{"allow":["GET"]}}],"collection":[{"href":"https:\/\/plazajuarez.mx\/historico\/wp-json\/wp\/v2\/posts"}],"about":[{"href":"https:\/\/plazajuarez.mx\/historico\/wp-json\/wp\/v2\/types\/post"}],"author":[{"embeddable":true,"href":"https:\/\/plazajuarez.mx\/historico\/wp-json\/wp\/v2\/users\/73"}],"replies":[{"embeddable":true,"href":"https:\/\/plazajuarez.mx\/historico\/wp-json\/wp\/v2\/comments?post=150034"}],"version-history":[{"count":0,"href":"https:\/\/plazajuarez.mx\/historico\/wp-json\/wp\/v2\/posts\/150034\/revisions"}],"wp:featuredmedia":[{"embeddable":true,"href":"https:\/\/plazajuarez.mx\/historico\/wp-json\/wp\/v2\/media\/150057"}],"wp:attachment":[{"href":"https:\/\/plazajuarez.mx\/historico\/wp-json\/wp\/v2\/media?parent=150034"}],"wp:term":[{"taxonomy":"category","embeddable":true,"href":"https:\/\/plazajuarez.mx\/historico\/wp-json\/wp\/v2\/categories?post=150034"},{"taxonomy":"post_tag","embeddable":true,"href":"https:\/\/plazajuarez.mx\/historico\/wp-json\/wp\/v2\/tags?post=150034"}],"curies":[{"name":"wp","href":"https:\/\/api.w.org\/{rel}","templated":true}]}}