{"id":149479,"date":"2021-01-21T15:44:36","date_gmt":"2021-01-21T21:44:36","guid":{"rendered":"https:\/\/plazajuarez.mx\/?p=149479"},"modified":"2021-01-21T15:44:48","modified_gmt":"2021-01-21T21:44:48","slug":"feria-nacional-de-san-marcos-se-suspende-por-segundo-ano","status":"publish","type":"post","link":"https:\/\/plazajuarez.mx\/historico\/feria-nacional-de-san-marcos-se-suspende-por-segundo-ano\/","title":{"rendered":"Feria Nacional de San Marcos se suspende por segundo a\u00f1o"},"content":{"rendered":"\n<p class=\"wp-block-paragraph\">El gobernador Mart\u00edn Orozco Sandoval anunci\u00f3 que se pospone la Feria Nacional de San Marcos (FNS), hasta que se tengan vacunas constantes contra el Covid 19 para su aplicaci\u00f3n. Dijo que se establecer\u00e1n fechas para la celebraci\u00f3n de la fiesta abrile\u00f1a cuando se d\u00e9 la entrega de vacunas (del Gobierno federal) como se plane\u00f3 originalmente.<\/p>\n\n\n\n<p class=\"wp-block-paragraph\">&#8220;No habr\u00e1 (feria) en abril, se pospondr\u00e1 hasta que tengamos certeza clara de tener vacunas suficientes en este pa\u00eds y que este pa\u00eds lo pueda bajar a los estados o que nosotros podamos tener&#8221;, puntualiz\u00f3. El mandatario dijo que se tom\u00f3 la decisi\u00f3n con mucha responsabilidad y con mucho dolor, porque no celebrar la feria tiene afectaci\u00f3n en materia econ\u00f3mica, de diversi\u00f3n y turismo.<\/p>\n\n\n\n<p class=\"wp-block-paragraph\">Dijo que, si la situaci\u00f3n mejora y se tiene la vacuna, se plantear\u00e1n nuevas fechas para la edici\u00f3n 2021 de la FNS. Destac\u00f3 que en Aguascalientes tienen la capacidad de aplicar 20 mil vacunas por d\u00eda.<\/p>\n\n\n\n<p class=\"wp-block-paragraph\">El a\u00f1o pasado se cancel\u00f3 la Feria Nacional de San Marcos por la pandemia. En Le\u00f3n, Guanajuato, tambi\u00e9n se pospuso para marzo o principios de abril la feria de la ciudad por el pico de contagios de coronavirus.<\/p>\n","protected":false},"excerpt":{"rendered":"<p>El gobernador Mart\u00edn Orozco Sandoval anunci\u00f3 que se pospone la Feria Nacional de San Marcos (FNS), hasta que se tengan vacunas constantes contra el Covid 19 para su aplicaci\u00f3n. Dijo que se establecer\u00e1n fechas para la celebraci\u00f3n de la fiesta abrile\u00f1a cuando se d\u00e9 la entrega de vacunas (del Gobierno federal) como se plane\u00f3 originalmente. [&hellip;]<\/p>\n","protected":false},"author":81,"featured_media":149480,"comment_status":"closed","ping_status":"open","sticky":false,"template":"","format":"standard","meta":{"footnotes":""},"categories":[15,36],"tags":[],"class_list":["post-149479","post","type-post","status-publish","format-standard","has-post-thumbnail","hentry","category-destacadas","category-nacion"],"_links":{"self":[{"href":"https:\/\/plazajuarez.mx\/historico\/wp-json\/wp\/v2\/posts\/149479","targetHints":{"allow":["GET"]}}],"collection":[{"href":"https:\/\/plazajuarez.mx\/historico\/wp-json\/wp\/v2\/posts"}],"about":[{"href":"https:\/\/plazajuarez.mx\/historico\/wp-json\/wp\/v2\/types\/post"}],"author":[{"embeddable":true,"href":"https:\/\/plazajuarez.mx\/historico\/wp-json\/wp\/v2\/users\/81"}],"replies":[{"embeddable":true,"href":"https:\/\/plazajuarez.mx\/historico\/wp-json\/wp\/v2\/comments?post=149479"}],"version-history":[{"count":0,"href":"https:\/\/plazajuarez.mx\/historico\/wp-json\/wp\/v2\/posts\/149479\/revisions"}],"wp:featuredmedia":[{"embeddable":true,"href":"https:\/\/plazajuarez.mx\/historico\/wp-json\/wp\/v2\/media\/149480"}],"wp:attachment":[{"href":"https:\/\/plazajuarez.mx\/historico\/wp-json\/wp\/v2\/media?parent=149479"}],"wp:term":[{"taxonomy":"category","embeddable":true,"href":"https:\/\/plazajuarez.mx\/historico\/wp-json\/wp\/v2\/categories?post=149479"},{"taxonomy":"post_tag","embeddable":true,"href":"https:\/\/plazajuarez.mx\/historico\/wp-json\/wp\/v2\/tags?post=149479"}],"curies":[{"name":"wp","href":"https:\/\/api.w.org\/{rel}","templated":true}]}}