{"id":149472,"date":"2021-01-21T15:19:51","date_gmt":"2021-01-21T21:19:51","guid":{"rendered":"https:\/\/plazajuarez.mx\/?p=149472"},"modified":"2021-01-21T15:20:02","modified_gmt":"2021-01-21T21:20:02","slug":"ong-mexicanas-piden-a-nuevo-gobierno-de-eeuu-una-reforma-migratoria-integral","status":"publish","type":"post","link":"https:\/\/plazajuarez.mx\/historico\/ong-mexicanas-piden-a-nuevo-gobierno-de-eeuu-una-reforma-migratoria-integral\/","title":{"rendered":"ONG mexicanas piden a nuevo Gobierno de EEUU una reforma migratoria integral"},"content":{"rendered":"\n<p class=\"wp-block-paragraph\">M\u00e1s de 80 ONG mexicanas y activistas pidieron este jueves una &#8220;reforma migratoria integral&#8221; en una carta enviada al nuevo presidente de los Estados Unidos, Joe Biden, y a la vicepresidenta Kamala Harris.<\/p>\n\n\n\n<p class=\"wp-block-paragraph\">&#8220;Es indispensable que ambos pa\u00edses asuman de manera conjunta sus responsabilidades en materia de asilo y de protecci\u00f3n internacional, lo deber\u00edan de hacer mientras identifican mecanismos de colaboraci\u00f3n compatibles con sus intereses conjuntos&#8221;, destac\u00f3 la misiva.<\/p>\n\n\n\n<p class=\"wp-block-paragraph\">Por otra parte, las entidades civiles hicieron especial \u00e9nfasis en la necesidad de &#8220;fortalecer los derechos humanos, reforzar sus sistemas de asilo y atender el grave retraso en el procesamiento de las solicitudes iniciadas en ambos pa\u00edses, as\u00ed como atender la reunificaci\u00f3n familiar&#8221;.<\/p>\n\n\n\n<p class=\"wp-block-paragraph\">La misiva exhort\u00f3 &#8220;a impulsar cambios que, como lo marca el contenido del Pacto Mundial para una Migraci\u00f3n Segura, Ordenada y Regular, aumenten la disponibilidad y flexibilidad de las v\u00edas de migraci\u00f3n regular, salven vidas y emprendan iniciativas coordinadas para la b\u00fasqueda de las personas migrantes desaparecidas&#8221;.<\/p>\n\n\n\n<p class=\"wp-block-paragraph\">Entre las primeras medidas tomadas por Biden el mi\u00e9rcoles al llegar a la Casa Blanca est\u00e1n la congelaci\u00f3n de la construcci\u00f3n del muro fronterizo con M\u00e9xico, salvaguardar el programa DACA para indocumentados que llegaron a Estados Unidos cuando eran ni\u00f1os e incluir a los migrantes indocumentados en el censo de poblaci\u00f3n.<\/p>\n\n\n\n<p class=\"wp-block-paragraph\">Una de las \u00f3rdenes firmadas este mi\u00e9rcoles por Biden, tan pronto asumi\u00f3 el poder, fue la de salvaguarda el programa DACA, que protege de la deportaci\u00f3n a unos 650.000 indocumentados que llegaron a Estados Unidos cuando eran ni\u00f1os, conocidos como &#8220;dreamers&#8221; o &#8220;so\u00f1adores&#8221;.<\/p>\n\n\n\n<p class=\"wp-block-paragraph\">Tambi\u00e9n anunci\u00f3 la supresi\u00f3n definitivo del programa &#8220;Remain in Mexico&#8221;, que obliga a los solicitantes de refugio en Estados Unidos esperar su tr\u00e1mite en M\u00e9xico, lo que ha dejado varados a miles de migrantes en la frontera.<\/p>\n\n\n\n<p class=\"wp-block-paragraph\">&#8220;Al lanzar estas iniciativas trabajando coordinadamente con la Administraci\u00f3n del presidente Andr\u00e9s Manuel L\u00f3pez Obrador, ambos pa\u00edses pueden generar condiciones m\u00e1s propicias para asegurar su \u00e9xito&#8221;, opinaron las ONG.<\/p>\n\n\n\n<p class=\"wp-block-paragraph\">M\u00e1s de 80 organizaciones civiles y activistas han firmado esta misiva. Entre estas, destaca la ONG Sin Fronteras, Oxfam, Save The Children Mexico o el Instituto para las Mujeres en la Migraci\u00f3n (IMUMI).<\/p>\n","protected":false},"excerpt":{"rendered":"<p>M\u00e1s de 80 ONG mexicanas y activistas pidieron este jueves una &#8220;reforma migratoria integral&#8221; en una carta enviada al nuevo presidente de los Estados Unidos, Joe Biden, y a la vicepresidenta Kamala Harris. &#8220;Es indispensable que ambos pa\u00edses asuman de manera conjunta sus responsabilidades en materia de asilo y de protecci\u00f3n internacional, lo deber\u00edan de [&hellip;]<\/p>\n","protected":false},"author":80,"featured_media":149473,"comment_status":"closed","ping_status":"open","sticky":false,"template":"","format":"standard","meta":{"footnotes":""},"categories":[15,36],"tags":[],"class_list":["post-149472","post","type-post","status-publish","format-standard","has-post-thumbnail","hentry","category-destacadas","category-nacion"],"_links":{"self":[{"href":"https:\/\/plazajuarez.mx\/historico\/wp-json\/wp\/v2\/posts\/149472","targetHints":{"allow":["GET"]}}],"collection":[{"href":"https:\/\/plazajuarez.mx\/historico\/wp-json\/wp\/v2\/posts"}],"about":[{"href":"https:\/\/plazajuarez.mx\/historico\/wp-json\/wp\/v2\/types\/post"}],"author":[{"embeddable":true,"href":"https:\/\/plazajuarez.mx\/historico\/wp-json\/wp\/v2\/users\/80"}],"replies":[{"embeddable":true,"href":"https:\/\/plazajuarez.mx\/historico\/wp-json\/wp\/v2\/comments?post=149472"}],"version-history":[{"count":0,"href":"https:\/\/plazajuarez.mx\/historico\/wp-json\/wp\/v2\/posts\/149472\/revisions"}],"wp:featuredmedia":[{"embeddable":true,"href":"https:\/\/plazajuarez.mx\/historico\/wp-json\/wp\/v2\/media\/149473"}],"wp:attachment":[{"href":"https:\/\/plazajuarez.mx\/historico\/wp-json\/wp\/v2\/media?parent=149472"}],"wp:term":[{"taxonomy":"category","embeddable":true,"href":"https:\/\/plazajuarez.mx\/historico\/wp-json\/wp\/v2\/categories?post=149472"},{"taxonomy":"post_tag","embeddable":true,"href":"https:\/\/plazajuarez.mx\/historico\/wp-json\/wp\/v2\/tags?post=149472"}],"curies":[{"name":"wp","href":"https:\/\/api.w.org\/{rel}","templated":true}]}}