{"id":149430,"date":"2021-01-21T09:38:22","date_gmt":"2021-01-21T15:38:22","guid":{"rendered":"https:\/\/plazajuarez.mx\/?p=149430"},"modified":"2021-01-21T09:38:34","modified_gmt":"2021-01-21T15:38:34","slug":"america-acusa-a-rayados-de-monterrey-de-negligencia","status":"publish","type":"post","link":"https:\/\/plazajuarez.mx\/historico\/america-acusa-a-rayados-de-monterrey-de-negligencia\/","title":{"rendered":"Am\u00e9rica acusa a Rayados de Monterrey de negligencia"},"content":{"rendered":"\n<p>Am\u00e9rica emiti\u00f3 un comunicado, responsabilizando al club Monterrey de no haber actuado con las debidas precauciones para prevenir los contagios de Covid-19. Las \u00c1guilas han reconocido que miembros de su plantel presentan s\u00edntomas de la enfermedad, y han reducido al m\u00ednimo la asistencia de empleados en el club.<\/p>\n\n\n\n<p><br>En el escrito se\u00f1ala que en Coapa se tomaron todas las medidas sanitarias respectivas, lo que en Monterrey no sucedi\u00f3, echando en cara que no se inform\u00f3 de los contagios que hubo y quem\u00f3 se actu\u00f3 en consecuencia.<\/p>\n\n\n\n<p><br>&#8220;Luego del desafortunado brote de covid-19 en jugadores y cuerpo t\u00e9cnico del club de f\u00fatbol Monterrey, del cual nosotros y la opini\u00f3n p\u00fablica nos enteramos con posterioridad al juego celebrado el pasado s\u00e1bado.<\/p>\n","protected":false},"excerpt":{"rendered":"<p>Am\u00e9rica emiti\u00f3 un comunicado, responsabilizando al club Monterrey de no haber actuado con las debidas precauciones para prevenir los contagios de Covid-19. Las \u00c1guilas han reconocido que miembros de su plantel presentan s\u00edntomas de la enfermedad, y han reducido al m\u00ednimo la asistencia de empleados en el club. En el escrito se\u00f1ala que en Coapa [&hellip;]<\/p>\n","protected":false},"author":81,"featured_media":149431,"comment_status":"closed","ping_status":"open","sticky":false,"template":"","format":"standard","meta":{"footnotes":""},"categories":[39],"tags":[],"class_list":["post-149430","post","type-post","status-publish","format-standard","has-post-thumbnail","hentry","category-deportiva"],"_links":{"self":[{"href":"https:\/\/plazajuarez.mx\/historico\/wp-json\/wp\/v2\/posts\/149430","targetHints":{"allow":["GET"]}}],"collection":[{"href":"https:\/\/plazajuarez.mx\/historico\/wp-json\/wp\/v2\/posts"}],"about":[{"href":"https:\/\/plazajuarez.mx\/historico\/wp-json\/wp\/v2\/types\/post"}],"author":[{"embeddable":true,"href":"https:\/\/plazajuarez.mx\/historico\/wp-json\/wp\/v2\/users\/81"}],"replies":[{"embeddable":true,"href":"https:\/\/plazajuarez.mx\/historico\/wp-json\/wp\/v2\/comments?post=149430"}],"version-history":[{"count":0,"href":"https:\/\/plazajuarez.mx\/historico\/wp-json\/wp\/v2\/posts\/149430\/revisions"}],"wp:featuredmedia":[{"embeddable":true,"href":"https:\/\/plazajuarez.mx\/historico\/wp-json\/wp\/v2\/media\/149431"}],"wp:attachment":[{"href":"https:\/\/plazajuarez.mx\/historico\/wp-json\/wp\/v2\/media?parent=149430"}],"wp:term":[{"taxonomy":"category","embeddable":true,"href":"https:\/\/plazajuarez.mx\/historico\/wp-json\/wp\/v2\/categories?post=149430"},{"taxonomy":"post_tag","embeddable":true,"href":"https:\/\/plazajuarez.mx\/historico\/wp-json\/wp\/v2\/tags?post=149430"}],"curies":[{"name":"wp","href":"https:\/\/api.w.org\/{rel}","templated":true}]}}