{"id":149422,"date":"2021-01-21T09:17:00","date_gmt":"2021-01-21T15:17:00","guid":{"rendered":"https:\/\/plazajuarez.mx\/?p=149422"},"modified":"2021-01-21T09:17:24","modified_gmt":"2021-01-21T15:17:24","slug":"por-perpetrar-un-violento-asalto-dos-pasaran-6-y-9-anos-en-prision","status":"publish","type":"post","link":"https:\/\/plazajuarez.mx\/historico\/por-perpetrar-un-violento-asalto-dos-pasaran-6-y-9-anos-en-prision\/","title":{"rendered":"Por perpetrar un violento asalto, dos pasar\u00e1n 6 y 9 a\u00f1os en prisi\u00f3n"},"content":{"rendered":"\n<p>Frente a medios de prueba de los que se alleg\u00f3 una representante del Ministerio P\u00fablico de la Procuradur\u00eda de Hidalgo, dos personas que enfrentaron cargos por asalto equiparado agravado renunciaron a un juicio oral y optaron por uno abreviado mediante el que recibieron sentencia condenatoria de 6 a\u00f1os de prisi\u00f3n.<\/p>\n\n\n\n<p>Los hechos imputados a los ahora sentenciados identificados como Irvin \u201cN\u201d y Reyes \u201cN\u201d, ocurrieron en Tizayuca, donde abordaron un taxi y con arma punzo cortante, amenazas e intimidaciones, despojaron la v\u00edctima de dinero en efectivo y dos tel\u00e9fonos celulares.<\/p>\n\n\n\n<p>Ante lo ocurrido, el agraviado solicit\u00f3 apoyo de elementos de la polic\u00eda estatal, quienes se movilizaron y detuvieron a los agresores, mismos que fueron puestos a disposici\u00f3n del Ministerio P\u00fablico, autoridad que los present\u00f3 en un juzgado penal para el desarrollo de la audiencia inicial en la que se solicit\u00f3 su vinculaci\u00f3n a proceso.<\/p>\n\n\n\n<p>Una vez que se dict\u00f3 el auto de vinculaci\u00f3n, los imputados solicitaron finalizar el juicio oral, a su vez la terminaci\u00f3n anticipada del proceso penal en su contra y aceptaron su responsabilidad en los hechos que se les imputaron, motivo por el que la autoridad judicial dict\u00f3 una pena de 6 a\u00f1os de prisi\u00f3n en contra de Irvin \u201cN\u201d, mientras a Reyes \u201cN\u201d le impusieron una pena de 9 a\u00f1os de prisi\u00f3n.<\/p>\n","protected":false},"excerpt":{"rendered":"<p>Frente a medios de prueba de los que se alleg\u00f3 una representante del Ministerio P\u00fablico de la Procuradur\u00eda de Hidalgo, dos personas que enfrentaron cargos por asalto equiparado agravado renunciaron a un juicio oral y optaron por uno abreviado mediante el que recibieron sentencia condenatoria de 6 a\u00f1os de prisi\u00f3n. Los hechos imputados a los [&hellip;]<\/p>\n","protected":false},"author":93,"featured_media":149423,"comment_status":"closed","ping_status":"open","sticky":false,"template":"","format":"standard","meta":{"footnotes":""},"categories":[37],"tags":[],"class_list":["post-149422","post","type-post","status-publish","format-standard","has-post-thumbnail","hentry","category-barandilla"],"_links":{"self":[{"href":"https:\/\/plazajuarez.mx\/historico\/wp-json\/wp\/v2\/posts\/149422","targetHints":{"allow":["GET"]}}],"collection":[{"href":"https:\/\/plazajuarez.mx\/historico\/wp-json\/wp\/v2\/posts"}],"about":[{"href":"https:\/\/plazajuarez.mx\/historico\/wp-json\/wp\/v2\/types\/post"}],"author":[{"embeddable":true,"href":"https:\/\/plazajuarez.mx\/historico\/wp-json\/wp\/v2\/users\/93"}],"replies":[{"embeddable":true,"href":"https:\/\/plazajuarez.mx\/historico\/wp-json\/wp\/v2\/comments?post=149422"}],"version-history":[{"count":0,"href":"https:\/\/plazajuarez.mx\/historico\/wp-json\/wp\/v2\/posts\/149422\/revisions"}],"wp:featuredmedia":[{"embeddable":true,"href":"https:\/\/plazajuarez.mx\/historico\/wp-json\/wp\/v2\/media\/149423"}],"wp:attachment":[{"href":"https:\/\/plazajuarez.mx\/historico\/wp-json\/wp\/v2\/media?parent=149422"}],"wp:term":[{"taxonomy":"category","embeddable":true,"href":"https:\/\/plazajuarez.mx\/historico\/wp-json\/wp\/v2\/categories?post=149422"},{"taxonomy":"post_tag","embeddable":true,"href":"https:\/\/plazajuarez.mx\/historico\/wp-json\/wp\/v2\/tags?post=149422"}],"curies":[{"name":"wp","href":"https:\/\/api.w.org\/{rel}","templated":true}]}}