{"id":149394,"date":"2021-01-21T06:00:00","date_gmt":"2021-01-21T12:00:00","guid":{"rendered":"https:\/\/plazajuarez.mx\/?p=149394"},"modified":"2021-01-20T22:37:39","modified_gmt":"2021-01-21T04:37:39","slug":"fortalece-fayad-salud-y-seguridad-de-familias-de-zacualtipan","status":"publish","type":"post","link":"https:\/\/plazajuarez.mx\/historico\/fortalece-fayad-salud-y-seguridad-de-familias-de-zacualtipan\/","title":{"rendered":"FORTALECE FAYAD SALUD Y SEGURIDAD DE FAMILIAS DE ZACUALTIP\u00c1N"},"content":{"rendered":"\n<p>En representaci\u00f3n del gobernador Omar Fayad, el titular de la Oficial\u00eda Mayor, Martiniano Vega Orozco, entreg\u00f3 unidades que fortalecer\u00e1n los servicios de salud y de seguridad en beneficio de las familias de Zacualtip\u00e1n de \u00c1ngeles.<\/p>\n\n\n\n<p>Vega Orozco expres\u00f3 que para el gobernador Fayad, la coordinaci\u00f3n entre los diferentes \u00f3rdenes de gobierno y de poderes es fundamental, pues representa la uni\u00f3n de voluntades para atender las demandas de la poblaci\u00f3n.&nbsp;<\/p>\n\n\n\n<p>Cuando fue presidente municipal, el mandatario hidalguense palp\u00f3 las necesidades y carencias de los municipios, por eso respalda a trav\u00e9s de diferentes acciones y programas a los ayuntamientos.<\/p>\n\n\n\n<p>El oficial entreg\u00f3 las llaves de una patrulla y una ambulancia, ambas equipadas, al presidente municipal de Zacualtip\u00e1n, Edgar Moreno Gayosso, a quien le reiter\u00f3 la disposici\u00f3n del jefe del Ejecutivo hidalguense de trabajar en unidad.<\/p>\n\n\n\n<p>Moreno Gayosso agradeci\u00f3 las unidades entregadas destinadas a dos rubros esenciales: salud y seguridad, destac\u00f3 el apoyo y trabajo coordinado con el gobierno.<\/p>\n\n\n\n<p>Acompa\u00f1ado por funcionarios municipales recibi\u00f3 las llaves de la ambulancia tipo II, RAM Promaster 2500 Modelo 2020; as\u00ed como de la patrulla pickup doble cabina Nissan 2020, equipada con tumbaburros, gancho de arrastre, radio sirena y barra de luces.<\/p>\n","protected":false},"excerpt":{"rendered":"<p>En representaci\u00f3n del gobernador Omar Fayad, el titular de la Oficial\u00eda Mayor, Martiniano Vega Orozco, entreg\u00f3 unidades que fortalecer\u00e1n los servicios de salud y de seguridad en beneficio de las familias de Zacualtip\u00e1n de \u00c1ngeles. Vega Orozco expres\u00f3 que para el gobernador Fayad, la coordinaci\u00f3n entre los diferentes \u00f3rdenes de gobierno y de poderes es [&hellip;]<\/p>\n","protected":false},"author":93,"featured_media":149403,"comment_status":"closed","ping_status":"open","sticky":false,"template":"","format":"standard","meta":{"footnotes":""},"categories":[59,40],"tags":[],"class_list":["post-149394","post","type-post","status-publish","format-standard","has-post-thumbnail","hentry","category-general","category-region"],"_links":{"self":[{"href":"https:\/\/plazajuarez.mx\/historico\/wp-json\/wp\/v2\/posts\/149394","targetHints":{"allow":["GET"]}}],"collection":[{"href":"https:\/\/plazajuarez.mx\/historico\/wp-json\/wp\/v2\/posts"}],"about":[{"href":"https:\/\/plazajuarez.mx\/historico\/wp-json\/wp\/v2\/types\/post"}],"author":[{"embeddable":true,"href":"https:\/\/plazajuarez.mx\/historico\/wp-json\/wp\/v2\/users\/93"}],"replies":[{"embeddable":true,"href":"https:\/\/plazajuarez.mx\/historico\/wp-json\/wp\/v2\/comments?post=149394"}],"version-history":[{"count":0,"href":"https:\/\/plazajuarez.mx\/historico\/wp-json\/wp\/v2\/posts\/149394\/revisions"}],"wp:featuredmedia":[{"embeddable":true,"href":"https:\/\/plazajuarez.mx\/historico\/wp-json\/wp\/v2\/media\/149403"}],"wp:attachment":[{"href":"https:\/\/plazajuarez.mx\/historico\/wp-json\/wp\/v2\/media?parent=149394"}],"wp:term":[{"taxonomy":"category","embeddable":true,"href":"https:\/\/plazajuarez.mx\/historico\/wp-json\/wp\/v2\/categories?post=149394"},{"taxonomy":"post_tag","embeddable":true,"href":"https:\/\/plazajuarez.mx\/historico\/wp-json\/wp\/v2\/tags?post=149394"}],"curies":[{"name":"wp","href":"https:\/\/api.w.org\/{rel}","templated":true}]}}