{"id":149393,"date":"2021-01-21T06:00:00","date_gmt":"2021-01-21T12:00:00","guid":{"rendered":"https:\/\/plazajuarez.mx\/?p=149393"},"modified":"2021-01-20T22:27:05","modified_gmt":"2021-01-21T04:27:05","slug":"llega-segundo-lote-de-vacunas-a-hidalgo","status":"publish","type":"post","link":"https:\/\/plazajuarez.mx\/historico\/llega-segundo-lote-de-vacunas-a-hidalgo\/","title":{"rendered":"Llega segundo lote de vacunas a Hidalgo"},"content":{"rendered":"\n<p>Este mi\u00e9rcoles lleg\u00f3 a Hidalgo la segunda parte de dosis de vacunas de Pfizer BioNTech; lote recibido y dirigido hacia los nuevos centros de distribuci\u00f3n por el titular de la Secretar\u00eda de Salud en Hidalgo (SSH) Alejandro Efra\u00edn Ben\u00edtez Herrera, y la representante del Gobierno de M\u00e9xico en esta estrategia, Gisela Lara Salda\u00f1a.<\/p>\n\n\n\n<p>De acuerdo al conteo de inmunizaciones, en esta segunda remesa, se determin\u00f3 la entrega a Hidalgo de mil 950 vacunas equivalentes a 390 frascos.<\/p>\n\n\n\n<p>El secretario Ben\u00edtez Herrera explic\u00f3 que, pese a recibir una cantidad menor a la recibida hace una semana, debido al retraso en la entrega por parte de la farmac\u00e9utica Pfizer, se contempla cubrir a todo el personal de primera l\u00ednea de atenci\u00f3n, adem\u00e1s de Protecci\u00f3n Civil y Cruz Roja, as\u00ed como de cl\u00ednicas privadas de Pachuca, lo que da certeza de inmunizar a todos los trabajadores del sector en las siguientes semanas, como lo comprometi\u00f3 el gobernador Omar Fayad.<\/p>\n\n\n\n<p>En cuanto lleguen las siguientes dosis se determinar\u00e1 c\u00f3mo ser\u00e1n vacunados el resto de los trabajadores del sector, pues \u201cde los cerca de 16 mil trabajadores, a\u00fan nos faltan aproximadamente 5 mil, el problema radica en funci\u00f3n de la propia empresa que redujo las entregas, no \u00fanicamente en M\u00e9xico, sino en todo el mundo, por lo que una vez que se reciban m\u00e1s vacunas estaremos en camino de vacunar a todo el personal\u201d, mencion\u00f3.<\/p>\n\n\n\n<p>Por su parte, Lara Salda\u00f1a celebr\u00f3 la coordinaci\u00f3n y trabajo con el gobierno de Omar Fayad, agreg\u00f3 que, pese al recorte de vacunas, se ha cumplido con la meta de vacunaci\u00f3n en funci\u00f3n del censo realizado. Dijo que las m\u00e1s de mil vacunas recibidas ser\u00e1n aplicadas en esta ocasi\u00f3n a personal de salud de hospitales como el Hospital del ISSSTE Columba Rivera, el General de Zona 1 del IMSS y el General de Pachuca, lugares que concentrar\u00e1n a personal de primera l\u00ednea faltante de recibir la primera dosis.&nbsp;<\/p>\n","protected":false},"excerpt":{"rendered":"<p>Este mi\u00e9rcoles lleg\u00f3 a Hidalgo la segunda parte de dosis de vacunas de Pfizer BioNTech; lote recibido y dirigido hacia los nuevos centros de distribuci\u00f3n por el titular de la Secretar\u00eda de Salud en Hidalgo (SSH) Alejandro Efra\u00edn Ben\u00edtez Herrera, y la representante del Gobierno de M\u00e9xico en esta estrategia, Gisela Lara Salda\u00f1a. De acuerdo [&hellip;]<\/p>\n","protected":false},"author":93,"featured_media":149404,"comment_status":"closed","ping_status":"open","sticky":false,"template":"","format":"standard","meta":{"footnotes":""},"categories":[15,59],"tags":[],"class_list":["post-149393","post","type-post","status-publish","format-standard","has-post-thumbnail","hentry","category-destacadas","category-general"],"_links":{"self":[{"href":"https:\/\/plazajuarez.mx\/historico\/wp-json\/wp\/v2\/posts\/149393","targetHints":{"allow":["GET"]}}],"collection":[{"href":"https:\/\/plazajuarez.mx\/historico\/wp-json\/wp\/v2\/posts"}],"about":[{"href":"https:\/\/plazajuarez.mx\/historico\/wp-json\/wp\/v2\/types\/post"}],"author":[{"embeddable":true,"href":"https:\/\/plazajuarez.mx\/historico\/wp-json\/wp\/v2\/users\/93"}],"replies":[{"embeddable":true,"href":"https:\/\/plazajuarez.mx\/historico\/wp-json\/wp\/v2\/comments?post=149393"}],"version-history":[{"count":0,"href":"https:\/\/plazajuarez.mx\/historico\/wp-json\/wp\/v2\/posts\/149393\/revisions"}],"wp:featuredmedia":[{"embeddable":true,"href":"https:\/\/plazajuarez.mx\/historico\/wp-json\/wp\/v2\/media\/149404"}],"wp:attachment":[{"href":"https:\/\/plazajuarez.mx\/historico\/wp-json\/wp\/v2\/media?parent=149393"}],"wp:term":[{"taxonomy":"category","embeddable":true,"href":"https:\/\/plazajuarez.mx\/historico\/wp-json\/wp\/v2\/categories?post=149393"},{"taxonomy":"post_tag","embeddable":true,"href":"https:\/\/plazajuarez.mx\/historico\/wp-json\/wp\/v2\/tags?post=149393"}],"curies":[{"name":"wp","href":"https:\/\/api.w.org\/{rel}","templated":true}]}}