{"id":149372,"date":"2021-01-21T06:00:00","date_gmt":"2021-01-21T12:00:00","guid":{"rendered":"https:\/\/plazajuarez.mx\/?p=149372"},"modified":"2021-01-21T06:30:54","modified_gmt":"2021-01-21T12:30:54","slug":"alfil-negro-2004","status":"publish","type":"post","link":"https:\/\/plazajuarez.mx\/historico\/alfil-negro-2004\/","title":{"rendered":"ALFIL NEGRO"},"content":{"rendered":"\n<h2 class=\"wp-block-heading\"><strong>TODO REINO DIVIDIDO PERECER\u00c1<\/strong><\/h2>\n\n\n\n<p>Dice el libro sagrado que &#8220;todo reino dividido contra s\u00ed mismo perecer\u00e1 y que toda ciudad o casa dividida contra s\u00ed misma no permanecer\u00e1&#8221;, porque a\u00f1ade esta palabra de hace m\u00e1s de dos mil a\u00f1os, que un reino dividido acabar\u00e1 por destruirse, que en sentido contrario es se\u00f1alar que la unidad y la solidaridad son las claves para poder mantenerse como una sociedad, como un pueblo, o una naci\u00f3n con proyecto de camino y gu\u00eda adecuada.<\/p>\n\n\n\n<p>Ayer tom\u00f3 posesi\u00f3n el nuevo presidente de los Estados Unidos, y es de llamar la atenci\u00f3n que su discurso como nuevo mandatario haya se\u00f1alado estos conceptos como causa y base para ser una naci\u00f3n fuerte, si se atiende la responsabilidad de mantener la unidad como fuerza del cambio, y la solidaridad y el destierro de confrontaciones y enfrentamientos, que han sido para ese pa\u00eds la causa de hechos como la toma del Capitolio, que finalmente fue un golpe a la democracia y expresi\u00f3n sin duda de una naci\u00f3n dividida y enfrentada.<\/p>\n\n\n\n<p>Lo dicho por Biden todo mundo lo entendi\u00f3 como un reclamo al ex mandatario Trump que provoc\u00f3 la radicalizaci\u00f3n por su forma de ejercer el poder, en que hizo de los ataques a la prensa, l\u00edderes sociales y todos los que no pensaban como \u00e9l, un estilo lamentable de Gobierno.<\/p>\n\n\n\n<p>Lo que el ex mandatario logr\u00f3 fue dividir de tal manera a los Estados Unidos, entre los que lo apoyaban y los que no compart\u00edan su modo de gobernar, y conformar un gran n\u00famero de seguidores irracionales que condenaban y lastimaban a los que no ve\u00edan en Trump al l\u00edder y salvador que ellos ve\u00edan.<\/p>\n\n\n\n<p>Las instituciones perdieron su valor, lo mismo que los principios que por siglos fueron la ruta de este gran pa\u00eds.<\/p>\n\n\n\n<p>Su necedad en sentir que le robaron la elecci\u00f3n en una acusaci\u00f3n sin pruebas, provoc\u00f3 lo que todo mundo vio del asalto al capitolio.<\/p>\n\n\n\n<p>Ojal\u00e1 y todo el da\u00f1o a ese pa\u00eds importante para todo el mundo por lo que representa e influye en las naciones, se cure con este nuevo gobierno.<\/p>\n\n\n\n<p>Ojal\u00e1 que no sea vana la esperanza de que todo esto logre la reflexi\u00f3n de los pa\u00edses y gobiernos que le apuestan a la divisi\u00f3n y a la confrontaci\u00f3n como un modo de gobernar.<\/p>\n\n\n\n<p>No se puede olvidar lo que dijo el Nazareno hace miles de a\u00f1os en el sentido de que todo reino dividido perecer\u00e1.<\/p>\n\n\n\n<p><strong>El que tenga o\u00eddos para o\u00edr\u2026 que oiga, y al que le venga el saco que se lo ponga.<\/strong><\/p>\n","protected":false},"excerpt":{"rendered":"<p>TODO REINO DIVIDIDO PERECER\u00c1 Dice el libro sagrado que &#8220;todo reino dividido contra s\u00ed mismo perecer\u00e1 y que toda ciudad o casa dividida contra s\u00ed misma no permanecer\u00e1&#8221;, porque a\u00f1ade esta palabra de hace m\u00e1s de dos mil a\u00f1os, que un reino dividido acabar\u00e1 por destruirse, que en sentido contrario es se\u00f1alar que la unidad [&hellip;]<\/p>\n","protected":false},"author":83,"featured_media":0,"comment_status":"closed","ping_status":"open","sticky":false,"template":"","format":"standard","meta":{"footnotes":""},"categories":[48,42],"tags":[],"class_list":["post-149372","post","type-post","status-publish","format-standard","hentry","category-adalberto-peralta","category-nuestrapalabra"],"_links":{"self":[{"href":"https:\/\/plazajuarez.mx\/historico\/wp-json\/wp\/v2\/posts\/149372","targetHints":{"allow":["GET"]}}],"collection":[{"href":"https:\/\/plazajuarez.mx\/historico\/wp-json\/wp\/v2\/posts"}],"about":[{"href":"https:\/\/plazajuarez.mx\/historico\/wp-json\/wp\/v2\/types\/post"}],"author":[{"embeddable":true,"href":"https:\/\/plazajuarez.mx\/historico\/wp-json\/wp\/v2\/users\/83"}],"replies":[{"embeddable":true,"href":"https:\/\/plazajuarez.mx\/historico\/wp-json\/wp\/v2\/comments?post=149372"}],"version-history":[{"count":0,"href":"https:\/\/plazajuarez.mx\/historico\/wp-json\/wp\/v2\/posts\/149372\/revisions"}],"wp:attachment":[{"href":"https:\/\/plazajuarez.mx\/historico\/wp-json\/wp\/v2\/media?parent=149372"}],"wp:term":[{"taxonomy":"category","embeddable":true,"href":"https:\/\/plazajuarez.mx\/historico\/wp-json\/wp\/v2\/categories?post=149372"},{"taxonomy":"post_tag","embeddable":true,"href":"https:\/\/plazajuarez.mx\/historico\/wp-json\/wp\/v2\/tags?post=149372"}],"curies":[{"name":"wp","href":"https:\/\/api.w.org\/{rel}","templated":true}]}}