{"id":149368,"date":"2021-01-21T06:00:00","date_gmt":"2021-01-21T12:00:00","guid":{"rendered":"https:\/\/plazajuarez.mx\/?p=149368"},"modified":"2021-01-20T19:50:54","modified_gmt":"2021-01-21T01:50:54","slug":"convenio-para-obtener-fondos-contra-la-violencia-a-la-mujer","status":"publish","type":"post","link":"https:\/\/plazajuarez.mx\/historico\/convenio-para-obtener-fondos-contra-la-violencia-a-la-mujer\/","title":{"rendered":"Convenio, para obtener fondos contra la violencia a la mujer"},"content":{"rendered":"\n<p>En su \u00faltima sesi\u00f3n ordinaria, el Ayuntamiento aprob\u00f3 un\u00e1nimemente firmar un convenio con el Instituto Nacional de las mujeres para que el municipio forme parte de fondos para la prevenci\u00f3n y atenci\u00f3n contra la violencia hacia la mujer.&nbsp;<\/p>\n\n\n\n<p>El anuncio lo hizo la alcaldesa, Susana \u00c1ngeles Quezada, quien indic\u00f3 que desafortunadamente, uno de los delitos que ha incrementado en la regi\u00f3n de Tizayuca son la violencia en contra de la mujer y en esta \u00e9poca de pandemia y cuarentena se han reportado muchos casos por lo que quieren brindar especial atenci\u00f3n a este sector.&nbsp;<\/p>\n\n\n\n<p>\u201cSe cumplir\u00e1n los requisitos que soliciten para ser acreedores del fondo y as\u00ed poder ayudar a las f\u00e9minas que sufren violencia y de obtener la ayuda informar\u00e1 a la poblaci\u00f3n de c\u00f3mo participar en los programas de ayuda\u201d.&nbsp;<\/p>\n\n\n\n<p>Cabe mencionar que muchas mujeres sufren de violencia familiar y no tienen a d\u00f3nde acudir por lo que tienen que quedarse en casa. Los problemas crecen, corriendo el riesgo de ser v\u00edctimas del feminicidio y de ser parte de las estad\u00edsticas de las mujeres desaparecidas.&nbsp;<\/p>\n\n\n\n<p>En 2020 se organiz\u00f3 una marcha pac\u00edfica en Tizayuca, por todas las mujeres que no aparecen y por otras m\u00e1s han perdido la vida.&nbsp;<\/p>\n","protected":false},"excerpt":{"rendered":"<p>En su \u00faltima sesi\u00f3n ordinaria, el Ayuntamiento aprob\u00f3 un\u00e1nimemente firmar un convenio con el Instituto Nacional de las mujeres para que el municipio forme parte de fondos para la prevenci\u00f3n y atenci\u00f3n contra la violencia hacia la mujer.&nbsp; El anuncio lo hizo la alcaldesa, Susana \u00c1ngeles Quezada, quien indic\u00f3 que desafortunadamente, uno de los delitos [&hellip;]<\/p>\n","protected":false},"author":78,"featured_media":149379,"comment_status":"closed","ping_status":"open","sticky":false,"template":"","format":"standard","meta":{"footnotes":""},"categories":[40],"tags":[],"class_list":["post-149368","post","type-post","status-publish","format-standard","has-post-thumbnail","hentry","category-region"],"_links":{"self":[{"href":"https:\/\/plazajuarez.mx\/historico\/wp-json\/wp\/v2\/posts\/149368","targetHints":{"allow":["GET"]}}],"collection":[{"href":"https:\/\/plazajuarez.mx\/historico\/wp-json\/wp\/v2\/posts"}],"about":[{"href":"https:\/\/plazajuarez.mx\/historico\/wp-json\/wp\/v2\/types\/post"}],"author":[{"embeddable":true,"href":"https:\/\/plazajuarez.mx\/historico\/wp-json\/wp\/v2\/users\/78"}],"replies":[{"embeddable":true,"href":"https:\/\/plazajuarez.mx\/historico\/wp-json\/wp\/v2\/comments?post=149368"}],"version-history":[{"count":0,"href":"https:\/\/plazajuarez.mx\/historico\/wp-json\/wp\/v2\/posts\/149368\/revisions"}],"wp:featuredmedia":[{"embeddable":true,"href":"https:\/\/plazajuarez.mx\/historico\/wp-json\/wp\/v2\/media\/149379"}],"wp:attachment":[{"href":"https:\/\/plazajuarez.mx\/historico\/wp-json\/wp\/v2\/media?parent=149368"}],"wp:term":[{"taxonomy":"category","embeddable":true,"href":"https:\/\/plazajuarez.mx\/historico\/wp-json\/wp\/v2\/categories?post=149368"},{"taxonomy":"post_tag","embeddable":true,"href":"https:\/\/plazajuarez.mx\/historico\/wp-json\/wp\/v2\/tags?post=149368"}],"curies":[{"name":"wp","href":"https:\/\/api.w.org\/{rel}","templated":true}]}}