{"id":149366,"date":"2021-01-21T06:00:00","date_gmt":"2021-01-21T12:00:00","guid":{"rendered":"https:\/\/plazajuarez.mx\/?p=149366"},"modified":"2021-01-20T19:49:20","modified_gmt":"2021-01-21T01:49:20","slug":"una-petista-va-por-la-alcaldia-de-ixmiquilpan","status":"publish","type":"post","link":"https:\/\/plazajuarez.mx\/historico\/una-petista-va-por-la-alcaldia-de-ixmiquilpan\/","title":{"rendered":"Una petista va por la Alcald\u00eda de Ixmiquilpan"},"content":{"rendered":"\n<p>El PT, en estos d\u00edas, dar\u00e1 a conocer a la mujer que encabezar\u00e1 la f\u00f3rmula de la candidatura, Juntos Haremos Historia, para la elecci\u00f3n extraordinaria a celebrarse este a\u00f1o.&nbsp;<\/p>\n\n\n\n<p>Oficialmente, el excandidato, Vicente Charrez, no ser\u00e1 quien encabece la coalici\u00f3n, debido a que legalmente ha quedado impedido para participar en este proceso (debe ser mujer).&nbsp;<\/p>\n\n\n\n<p>Sin embargo, el PT s\u00ed ser\u00e1 quien decida qui\u00e9n habr\u00e1 de encabezar la candidatura, la cual ser\u00e1 respaldada por el PVEM, Morena y Nueva Alianza.&nbsp;<\/p>\n\n\n\n<p>De acuerdo al PT en Ixmiquilpan, no se han llevado a\u00fan mesas de trabajo entre la militancia en el municipio, ya que este trabajo, ser\u00e1 dejado en manos de las dirigencias en el estado.&nbsp;<\/p>\n","protected":false},"excerpt":{"rendered":"<p>El PT, en estos d\u00edas, dar\u00e1 a conocer a la mujer que encabezar\u00e1 la f\u00f3rmula de la candidatura, Juntos Haremos Historia, para la elecci\u00f3n extraordinaria a celebrarse este a\u00f1o.&nbsp; Oficialmente, el excandidato, Vicente Charrez, no ser\u00e1 quien encabece la coalici\u00f3n, debido a que legalmente ha quedado impedido para participar en este proceso (debe ser mujer).&nbsp; [&hellip;]<\/p>\n","protected":false},"author":75,"featured_media":149380,"comment_status":"closed","ping_status":"open","sticky":false,"template":"","format":"standard","meta":{"footnotes":""},"categories":[40],"tags":[],"class_list":["post-149366","post","type-post","status-publish","format-standard","has-post-thumbnail","hentry","category-region"],"_links":{"self":[{"href":"https:\/\/plazajuarez.mx\/historico\/wp-json\/wp\/v2\/posts\/149366","targetHints":{"allow":["GET"]}}],"collection":[{"href":"https:\/\/plazajuarez.mx\/historico\/wp-json\/wp\/v2\/posts"}],"about":[{"href":"https:\/\/plazajuarez.mx\/historico\/wp-json\/wp\/v2\/types\/post"}],"author":[{"embeddable":true,"href":"https:\/\/plazajuarez.mx\/historico\/wp-json\/wp\/v2\/users\/75"}],"replies":[{"embeddable":true,"href":"https:\/\/plazajuarez.mx\/historico\/wp-json\/wp\/v2\/comments?post=149366"}],"version-history":[{"count":0,"href":"https:\/\/plazajuarez.mx\/historico\/wp-json\/wp\/v2\/posts\/149366\/revisions"}],"wp:featuredmedia":[{"embeddable":true,"href":"https:\/\/plazajuarez.mx\/historico\/wp-json\/wp\/v2\/media\/149380"}],"wp:attachment":[{"href":"https:\/\/plazajuarez.mx\/historico\/wp-json\/wp\/v2\/media?parent=149366"}],"wp:term":[{"taxonomy":"category","embeddable":true,"href":"https:\/\/plazajuarez.mx\/historico\/wp-json\/wp\/v2\/categories?post=149366"},{"taxonomy":"post_tag","embeddable":true,"href":"https:\/\/plazajuarez.mx\/historico\/wp-json\/wp\/v2\/tags?post=149366"}],"curies":[{"name":"wp","href":"https:\/\/api.w.org\/{rel}","templated":true}]}}