{"id":149354,"date":"2021-01-21T06:00:00","date_gmt":"2021-01-21T12:00:00","guid":{"rendered":"https:\/\/plazajuarez.mx\/?p=149354"},"modified":"2021-01-20T19:35:38","modified_gmt":"2021-01-21T01:35:38","slug":"hacen-llamado-a-la-poblacion-para-que-atiendan-recomendaciones-sanitarias","status":"publish","type":"post","link":"https:\/\/plazajuarez.mx\/historico\/hacen-llamado-a-la-poblacion-para-que-atiendan-recomendaciones-sanitarias\/","title":{"rendered":"Hacen llamado a la poblaci\u00f3n para que atiendan recomendaciones sanitarias"},"content":{"rendered":"\n<p>Luego de que la diputada local de Morena, Jazm\u00edn Calva L\u00f3pez,&nbsp; subiera a tribuna un exhorto dirigido a la poblaci\u00f3n para que no bajen la guardia y atiendan las medidas de protecci\u00f3n y sanidad que han dictado las autoridades sanitarias en la entidad, la diputada presidenta de la diputaci\u00f3n permanente, Mar\u00eda Luisa P\u00e9rez Perusqu\u00eda se sum\u00f3 al planteamiento y tambi\u00e9n hizo un llamado a la poblaci\u00f3n a nombre del congreso.<\/p>\n\n\n\n<p>\u201cCiertamente en la condici\u00f3n que nos encontramos, nos sumamos al posicionamiento de la diputada Jazm\u00edn, pidiendo&nbsp; a todos los hidalguenses que nos conduzcamos con consciencia y atendamos puntualmente las indicaciones que recibimos a trav\u00e9s de las instancias estatales y federales, esperamos que todos est\u00e9n teniendo la posibilidad de resguardarse en sus hogares sino atender las recomendaciones sanitarias\u201d, se\u00f1al\u00f3.<\/p>\n\n\n\n<p>Por su parte la diputada del partido del Movimiento de Regeneraci\u00f3n Nacional, Jazm\u00edn Calva L\u00f3pez, se\u00f1al\u00f3 la importancia de ser responsables y atender las medidas y protocolos para salvaguardar la salud y contribuir a controlar el impacto generado por la contingencia sanitaria provocada por el covid-19.<\/p>\n\n\n\n<p>De igual forma el diputado de Morena Armando Quintanar Trejo pidi\u00f3 a la poblaci\u00f3n el uso del cubrebocas, evitar asistir y organizar&nbsp; reuniones o fiestas, \u201cesto s\u00ed est\u00e1 en nuestras manos, si nada tienes que hacer afuera con todo respeto, qu\u00e9date en casa\u201d, asever\u00f3.<\/p>\n","protected":false},"excerpt":{"rendered":"<p>Luego de que la diputada local de Morena, Jazm\u00edn Calva L\u00f3pez,&nbsp; subiera a tribuna un exhorto dirigido a la poblaci\u00f3n para que no bajen la guardia y atiendan las medidas de protecci\u00f3n y sanidad que han dictado las autoridades sanitarias en la entidad, la diputada presidenta de la diputaci\u00f3n permanente, Mar\u00eda Luisa P\u00e9rez Perusqu\u00eda se [&hellip;]<\/p>\n","protected":false},"author":72,"featured_media":149358,"comment_status":"closed","ping_status":"open","sticky":false,"template":"","format":"standard","meta":{"footnotes":""},"categories":[15,59],"tags":[],"class_list":["post-149354","post","type-post","status-publish","format-standard","has-post-thumbnail","hentry","category-destacadas","category-general"],"_links":{"self":[{"href":"https:\/\/plazajuarez.mx\/historico\/wp-json\/wp\/v2\/posts\/149354","targetHints":{"allow":["GET"]}}],"collection":[{"href":"https:\/\/plazajuarez.mx\/historico\/wp-json\/wp\/v2\/posts"}],"about":[{"href":"https:\/\/plazajuarez.mx\/historico\/wp-json\/wp\/v2\/types\/post"}],"author":[{"embeddable":true,"href":"https:\/\/plazajuarez.mx\/historico\/wp-json\/wp\/v2\/users\/72"}],"replies":[{"embeddable":true,"href":"https:\/\/plazajuarez.mx\/historico\/wp-json\/wp\/v2\/comments?post=149354"}],"version-history":[{"count":0,"href":"https:\/\/plazajuarez.mx\/historico\/wp-json\/wp\/v2\/posts\/149354\/revisions"}],"wp:featuredmedia":[{"embeddable":true,"href":"https:\/\/plazajuarez.mx\/historico\/wp-json\/wp\/v2\/media\/149358"}],"wp:attachment":[{"href":"https:\/\/plazajuarez.mx\/historico\/wp-json\/wp\/v2\/media?parent=149354"}],"wp:term":[{"taxonomy":"category","embeddable":true,"href":"https:\/\/plazajuarez.mx\/historico\/wp-json\/wp\/v2\/categories?post=149354"},{"taxonomy":"post_tag","embeddable":true,"href":"https:\/\/plazajuarez.mx\/historico\/wp-json\/wp\/v2\/tags?post=149354"}],"curies":[{"name":"wp","href":"https:\/\/api.w.org\/{rel}","templated":true}]}}