{"id":149353,"date":"2021-01-20T17:23:43","date_gmt":"2021-01-20T23:23:43","guid":{"rendered":"https:\/\/plazajuarez.mx\/?p=149353"},"modified":"2021-01-20T17:23:55","modified_gmt":"2021-01-20T23:23:55","slug":"biden-cumple-su-promesa-y-pide-la-ciudadania-para-11-millones-de-indocumentados-en-su-primer-dia","status":"publish","type":"post","link":"https:\/\/plazajuarez.mx\/historico\/biden-cumple-su-promesa-y-pide-la-ciudadania-para-11-millones-de-indocumentados-en-su-primer-dia\/","title":{"rendered":"Biden cumple su promesa y pide la ciudadan\u00eda para 11 millones de indocumentados en su primer d\u00eda"},"content":{"rendered":"\n<p>Inaugurando la que se anticipa como una nueva era en la Casa Blanca, el presidente de EE.UU., Joe Biden, cumpli\u00f3 su promesa electoral de presentar en su primer d\u00eda de mandato un amplio proyecto de ley de inmigraci\u00f3n que incluye una v\u00eda a la ciudadan\u00eda para unos 11 millones de indocumentados en el pa\u00eds.<\/p>\n\n\n\n<p>Tras cuatro a\u00f1os de mano dura contra los inmigrantes del saliente mandatario, Donald Trump, el equipo de transici\u00f3n de Biden anunci\u00f3 este mi\u00e9rcoles los detalles del proyecto de ley que el dem\u00f3crata env\u00eda hoy mismo al Congreso como parte de su compromiso de &#8220;modernizar&#8221; el sistema de inmigraci\u00f3n, denominado &#8220;Ley de Ciudadan\u00eda de EE.UU. de 2021&#8221;.<\/p>\n\n\n\n<p>La iniciativa, que deber\u00e1 recibir al visto bueno de ambas c\u00e1maras legislativas, dominadas por los dem\u00f3cratas, pretende administrar y proteger de &#8220;manera responsable&#8221; la frontera, mantener a &#8220;familias y comunidades seguras y administrar mejor la migraci\u00f3n en todo el hemisferio&#8221;, se\u00f1al\u00f3 un comunicado.<\/p>\n\n\n\n<p>De ser aprobado, el proyecto legislativo de Biden supondr\u00eda la mayor reforma migratoria desde el Gobierno del republicano Ronald Reagan (1981-1989), que legaliz\u00f3 a 3 millones de indocumentados en 1986.<\/p>\n\n\n\n<p><strong>CIUDADAN\u00cdA, UN ANHELO DE A\u00d1OS<\/strong><\/p>\n\n\n\n<p>No en vano, y como su nombre indica, su punto clave es ofrecer una v\u00eda a la ciudadan\u00eda en 8 a\u00f1os a los 11 millones de inmigrantes indocumentados que se calcula que viven en EE.UU.<\/p>\n\n\n\n<p>Los inmigrantes podr\u00e1n conseguir un estatus legal temporal que les dar\u00e1 la opci\u00f3n de alcanzar 5 a\u00f1os despu\u00e9s el permiso de residencia (&#8220;green card&#8221; o tarjeta verde) , si cumplen una serie de requisitos como carecer de antecedentes penales y pagar sus impuestos.<\/p>\n\n\n\n<p>Pero un importante grupo de ellos, los menores que llegaron al pa\u00eds siendo ni\u00f1os de la mano de sus padres, tambi\u00e9n indocumentados y conocidos como &#8220;so\u00f1adores&#8221;, as\u00ed como los amparados por el Estatus de Protecci\u00f3n Temporal (TPS), en su mayor\u00eda centroamericanos, y los trabajadores agr\u00edcolas inmigrantes podr\u00e1n aspirar a una residencia legal de &#8220;inmediato&#8221; y 3 a\u00f1os m\u00e1s tarde a la ciudadan\u00eda, destac\u00f3 la nota.<\/p>\n\n\n\n<p>Para evitar una avalancha de inmigrantes, el proyecto de ley establece que esta medida afectar\u00eda a los inmigrantes que est\u00e9n &#8220;f\u00edsicamente presentes en Estados Unidos el 1 de enero de 2021 o antes&#8221;.<\/p>\n\n\n\n<p>Los deportados durante la Presidencia de Trump, desde el 20 de enero de 2017, y que estuvieron f\u00edsicamente presentes durante al menos tres a\u00f1os antes de la expulsi\u00f3n pueden solicitar el mismo beneficio por &#8220;unidad familiar y otros fines humanitarios&#8221;, pero ya ese proceso depender\u00e1 del Departamento de Seguridad Nacional (DHS, en ingl\u00e9s), para el que Biden ha nominado al cubano-estadounidense Alejandro Mayorkas.<\/p>\n\n\n\n<p>En su audiencia de confirmaci\u00f3n ante el Senado este lunes, Mayorkas puntualiz\u00f3 que se conceder\u00e1 la ciudadan\u00eda a &#8220;los individuos que han estado en el pa\u00eds durante muchos a\u00f1os, que han contribuido a nuestras comunidades y a la prosperidad econ\u00f3mica de la naci\u00f3n&#8221;.<\/p>\n\n\n\n<p>El senador dem\u00f3crata Bob Menendez anunci\u00f3 este mismo mi\u00e9rcoles que encabezar\u00e1 el esfuerzo legislativo en la C\u00e1mara Alta por la aprobaci\u00f3n de este proyecto de ley y lo presentar\u00e1 a sus colegas para conseguir un sistema migratorio &#8220;justo, humano y funcional&#8221;.<\/p>\n\n\n\n<p>\u201cLos \u00faltimos cuatro a\u00f1os han sido traum\u00e1ticos para las comunidades de inmigrantes que han sufrido implacables ataques de la Administraci\u00f3n Trump. Hoy, pasamos la p\u00e1gina de este cap\u00edtulo oscuro de nuestra historia y comenzamos el arduo trabajo de reparar el da\u00f1o y reconstruir una mejor uni\u00f3n que refleje los valores de nuestra naci\u00f3n&#8221;, asegur\u00f3.<\/p>\n\n\n\n<p>En la C\u00e1mara Baja, el proyecto de ley estar\u00e1 patrocinado por la congresista hispana Linda S\u00e1nchez, quien dijo en un tuit que se ha esperado demasiado para esta reforma, por lo que no piensa perder el tiempo para ponerse &#8220;manos a la obra&#8221; para conseguirla.<\/p>\n\n\n\n<p><strong>UN CAMBIO SEM\u00c1NTICO: DE &#8216;ALIEN&#8217; (EXTRANJERO) A NO CIUDADANO<\/strong><\/p>\n\n\n\n<p>Una de las modificaciones que incluye la iniciativa de Biden es sem\u00e1ntico, pero recoge un pedido de larga data de parte de las organizaciones y activistas a favor de los inmigrantes, que han expresado su malestar por que se vincule a esta comunidad con t\u00e9rminos como &#8220;extranjero ilegal&#8221;.<\/p>\n\n\n\n<p>&#8220;El proyecto de ley reconoce a Estados Unidos como una naci\u00f3n de inmigrantes al cambiar la palabra &#8216;extranjero&#8217; por &#8216;no ciudadano&#8217; en nuestras leyes de inmigraci\u00f3n&#8221;, destaca el comunicado.<\/p>\n\n\n\n<p>Otra de las aspiraciones de la ley ser\u00e1 la reunificaci\u00f3n familiar, dando especial importancia a los grupos familiares LGBTQ + y permitiendo igualmente a los inmigrantes con peticiones aprobadas de patrocinio familiar reunirse con sus seres queridos en EE.UU. de forma temporal mientras esperan por las tarjetas de residencia.<\/p>\n\n\n\n<p>Tambi\u00e9n la propuesta de ley incluye una provisi\u00f3n que proh\u00edbe la &#8220;discriminaci\u00f3n basada en la religi\u00f3n y limita la autoridad presidencial para emitir prohibiciones futuras&#8221; y aumenta las visas de diversidad de 55.000 a 80.000.<\/p>\n\n\n\n<p>Entre otras de sus pol\u00e9micas decisiones, Trump instaur\u00f3 nada m\u00e1s llegar a la Casa Blanca un veto migratorio a los nacionales de once pa\u00edses con una significativa poblaci\u00f3n musulmana (Eritrea, Ir\u00e1n, Kirguist\u00e1n, Libia, Birmania, Nigeria, Somalia, Sud\u00e1n, Siria, Tanzania y Yemen) y que incluye restricciones para Venezuela y Corea del Norte.<\/p>\n\n\n\n<p><strong>UN MURO &#8220;DESFINANCIADO&#8221;<\/strong><\/p>\n\n\n\n<p>Para intentar lograr el necesario apoyo republicano en el Senado, Biden incluy\u00f3 adem\u00e1s nuevos recursos en la frontera, su decisi\u00f3n de dejar de lado la construcci\u00f3n del muro en la frontera con M\u00e9xico -la promesa electoral cumplida a medias por Trump- y apostar sobre todo por la &#8220;tecnolog\u00eda&#8221; para acelerar la detecci\u00f3n del cruce ilegal de mercanc\u00edas y estupefacientes.<\/p>\n\n\n\n<p>La nueva propuesta pretende de igual forma destinar fondos para mejorar el &#8220;profesionalismo&#8221; de los agentes fronterizos y crear un comit\u00e9 para investigar posibles &#8220;malas conductas&#8221;, y busca mejorar la atenci\u00f3n de individuos, familias y menores bajo la custodia de Oficina de Aduanas y Protecci\u00f3n Fronteriza (CBP, en ingl\u00e9s).<\/p>\n","protected":false},"excerpt":{"rendered":"<p>Inaugurando la que se anticipa como una nueva era en la Casa Blanca, el presidente de EE.UU., Joe Biden, cumpli\u00f3 su promesa electoral de presentar en su primer d\u00eda de mandato un amplio proyecto de ley de inmigraci\u00f3n que incluye una v\u00eda a la ciudadan\u00eda para unos 11 millones de indocumentados en el pa\u00eds. Tras [&hellip;]<\/p>\n","protected":false},"author":80,"featured_media":149355,"comment_status":"closed","ping_status":"open","sticky":false,"template":"","format":"standard","meta":{"footnotes":""},"categories":[15,31],"tags":[],"class_list":["post-149353","post","type-post","status-publish","format-standard","has-post-thumbnail","hentry","category-destacadas","category-orbe"],"_links":{"self":[{"href":"https:\/\/plazajuarez.mx\/historico\/wp-json\/wp\/v2\/posts\/149353","targetHints":{"allow":["GET"]}}],"collection":[{"href":"https:\/\/plazajuarez.mx\/historico\/wp-json\/wp\/v2\/posts"}],"about":[{"href":"https:\/\/plazajuarez.mx\/historico\/wp-json\/wp\/v2\/types\/post"}],"author":[{"embeddable":true,"href":"https:\/\/plazajuarez.mx\/historico\/wp-json\/wp\/v2\/users\/80"}],"replies":[{"embeddable":true,"href":"https:\/\/plazajuarez.mx\/historico\/wp-json\/wp\/v2\/comments?post=149353"}],"version-history":[{"count":0,"href":"https:\/\/plazajuarez.mx\/historico\/wp-json\/wp\/v2\/posts\/149353\/revisions"}],"wp:featuredmedia":[{"embeddable":true,"href":"https:\/\/plazajuarez.mx\/historico\/wp-json\/wp\/v2\/media\/149355"}],"wp:attachment":[{"href":"https:\/\/plazajuarez.mx\/historico\/wp-json\/wp\/v2\/media?parent=149353"}],"wp:term":[{"taxonomy":"category","embeddable":true,"href":"https:\/\/plazajuarez.mx\/historico\/wp-json\/wp\/v2\/categories?post=149353"},{"taxonomy":"post_tag","embeddable":true,"href":"https:\/\/plazajuarez.mx\/historico\/wp-json\/wp\/v2\/tags?post=149353"}],"curies":[{"name":"wp","href":"https:\/\/api.w.org\/{rel}","templated":true}]}}