{"id":149004,"date":"2021-01-18T12:17:17","date_gmt":"2021-01-18T18:17:17","guid":{"rendered":"https:\/\/plazajuarez.mx\/?p=149004"},"modified":"2021-01-18T12:17:28","modified_gmt":"2021-01-18T18:17:28","slug":"lucha-danna-paola-contra-el-machismo-con-la-cancion-calla-tu","status":"publish","type":"post","link":"https:\/\/plazajuarez.mx\/historico\/lucha-danna-paola-contra-el-machismo-con-la-cancion-calla-tu\/","title":{"rendered":"Lucha Danna Paola contra el machismo, con la canci\u00f3n Calla t\u00fa"},"content":{"rendered":"\n<p>Danna Paola decidi\u00f3 hablar sobre la violencia de g\u00e9nero que ha vivido y de la cual hace referencia en el tema &#8220;Calla t\u00fa&#8221;, de su material discogr\u00e1fico m\u00e1s reciente.<\/p>\n\n\n\n<p>En una entrevista para el programa &#8220;Sale el sol&#8221;, y a la luz de los acontecimientos que han rodeado a Eleazar &#8220;N&#8221; ex novio de la cantante, ella fue cuestionada sobre si alguna vez hab\u00eda vivido una situaci\u00f3n de violencia.<\/p>\n\n\n\n<p>Asever\u00f3 que era un tema sobre el que deseaba hablar desde hac\u00eda tiempo, pues ella ha vivido violencia. No obstante, la cantante no mencion\u00f3 a su ex pareja por nombre.<\/p>\n\n\n\n<p>&#8220;Creo que es un tema que necesitaba escribir sobre esta situaci\u00f3n, yo estaba en Madrid, estaba viviendo en Madrid desde el 2018, antes justo del 8M, y la primera marcha feminista del 8M a la que fui fue en Madrid. Ten\u00eda muchas ganas de escribir algo porque no es que en una relaci\u00f3n o con una persona en espec\u00edfico yo haya vivido violencia, pero todas hemos vivido violencia de alguna manera, inconscientemente&#8221;.<\/p>\n\n\n\n<p>Por otra parte, la estrella de &#8220;\u00c9lite&#8221; explic\u00f3 que dentro de su ambiente laboral s\u00ed ha tenido malas experiencias en donde no han querido escucharla.<\/p>\n\n\n\n<p>&#8220;Dentro de esta industria yo he vivido much\u00edsimo machismo, se me ha intentado callar muchas veces y lo he dicho y ha sido nota en todos lados de \u2018calladita no me veo m\u00e1s bonita\u2019&#8221;, asever\u00f3 la tambi\u00e9n actriz al programa de televisi\u00f3n donde dio a conocer su disco.<\/p>\n","protected":false},"excerpt":{"rendered":"<p>Danna Paola decidi\u00f3 hablar sobre la violencia de g\u00e9nero que ha vivido y de la cual hace referencia en el tema &#8220;Calla t\u00fa&#8221;, de su material discogr\u00e1fico m\u00e1s reciente. En una entrevista para el programa &#8220;Sale el sol&#8221;, y a la luz de los acontecimientos que han rodeado a Eleazar &#8220;N&#8221; ex novio de la [&hellip;]<\/p>\n","protected":false},"author":81,"featured_media":149014,"comment_status":"closed","ping_status":"open","sticky":false,"template":"","format":"standard","meta":{"footnotes":""},"categories":[38],"tags":[],"class_list":["post-149004","post","type-post","status-publish","format-standard","has-post-thumbnail","hentry","category-show"],"_links":{"self":[{"href":"https:\/\/plazajuarez.mx\/historico\/wp-json\/wp\/v2\/posts\/149004","targetHints":{"allow":["GET"]}}],"collection":[{"href":"https:\/\/plazajuarez.mx\/historico\/wp-json\/wp\/v2\/posts"}],"about":[{"href":"https:\/\/plazajuarez.mx\/historico\/wp-json\/wp\/v2\/types\/post"}],"author":[{"embeddable":true,"href":"https:\/\/plazajuarez.mx\/historico\/wp-json\/wp\/v2\/users\/81"}],"replies":[{"embeddable":true,"href":"https:\/\/plazajuarez.mx\/historico\/wp-json\/wp\/v2\/comments?post=149004"}],"version-history":[{"count":0,"href":"https:\/\/plazajuarez.mx\/historico\/wp-json\/wp\/v2\/posts\/149004\/revisions"}],"wp:featuredmedia":[{"embeddable":true,"href":"https:\/\/plazajuarez.mx\/historico\/wp-json\/wp\/v2\/media\/149014"}],"wp:attachment":[{"href":"https:\/\/plazajuarez.mx\/historico\/wp-json\/wp\/v2\/media?parent=149004"}],"wp:term":[{"taxonomy":"category","embeddable":true,"href":"https:\/\/plazajuarez.mx\/historico\/wp-json\/wp\/v2\/categories?post=149004"},{"taxonomy":"post_tag","embeddable":true,"href":"https:\/\/plazajuarez.mx\/historico\/wp-json\/wp\/v2\/tags?post=149004"}],"curies":[{"name":"wp","href":"https:\/\/api.w.org\/{rel}","templated":true}]}}