{"id":148892,"date":"2021-01-17T10:40:34","date_gmt":"2021-01-17T16:40:34","guid":{"rendered":"https:\/\/plazajuarez.mx\/?p=148892"},"modified":"2021-01-17T10:40:47","modified_gmt":"2021-01-17T16:40:47","slug":"convenio-para-defender-derechos-humanos-de-mineralreformenses","status":"publish","type":"post","link":"https:\/\/plazajuarez.mx\/historico\/convenio-para-defender-derechos-humanos-de-mineralreformenses\/","title":{"rendered":"Convenio para defender derechos humanos de mineralreformenses"},"content":{"rendered":"\n<p>Con la presencia del Alejandro Habib, presidente de la Comisi\u00f3n de Derechos Humanos y en compa\u00f1\u00eda de Shadia Mart\u00ednez, presidenta del Sistema DIF de Mineral de la Reforma y autoridades del Ayuntamiento, el alcalde, Israel F\u00e9lix Soto, llev\u00f3 a cabo la \u201cFirma del Convenio de Colaboraci\u00f3n para la Municipalizaci\u00f3n de los Derechos Humanos, Mineral de la Reforma 2021\u201d.<\/p>\n\n\n\n<p>Alejandro Habib destac\u00f3 que la firma de este convenio es un paso gigantesco en materia de derechos humanos, ya que, el tema de la municipalizaci\u00f3n es un programa bastante ambicioso.&nbsp;<\/p>\n\n\n\n<p>Explic\u00f3 que el convenio se deriva de la obligaci\u00f3n constitucional que tienen las autoridades de trabajar por la protecci\u00f3n, defensa, promoci\u00f3n y difusi\u00f3n de los derechos humanos, \u201ctienen que realizarse acciones en favor de estos, y las alcald\u00edas son la primera instancia con la que tienen contacto las personas\u201d.<\/p>\n\n\n\n<p>Exhort\u00f3 a las y los alcaldes, as\u00ed como los dos Concejos municipales a que se sumen y sigan el ejemplo de Mineral de la Reforma, \u201ccon el fin de que se realicen acciones concretas y en conjunto con resultados directos para la gente, la CDHEH es un aliado\u201d, puntualiz\u00f3.<\/p>\n\n\n\n<p>F\u00e9lix Soto, mencion\u00f3 que es un d\u00eda muy importante para la ciudadan\u00eda, ya que con estas acciones se busca abatir las problem\u00e1ticas en Mineral de la Reforma, reafirmando el trabajo en conjunto que se har\u00e1 con la CDHEH en favor de las ni\u00f1as, ni\u00f1os, j\u00f3venes y familias del municipio.<\/p>\n\n\n\n<p>\u201cLos derechos humanos son las bases hist\u00f3ricas que proyectan la posibilidad de un mundo m\u00e1s justo y con m\u00e1s oportunidades para todas y todos\u201d, mencion\u00f3 el edil.&nbsp;<\/p>\n\n\n\n<p>Dijo que obliga a las autoridades reformenses con la firma de este convenio a fungir como agentes de cambio para transformar la realidad de los derechos humanos, haciendo que las cosas realmente cambien ante las situaciones que se han presentado en el d\u00eda a d\u00eda de cada ciudadano, en donde la defensa de sus derechos ser\u00e1 prioridad para la administraci\u00f3n.<\/p>\n\n\n\n<p>Recalc\u00f3 que trabajando hombro a hombro con el gobierno estatal velar\u00e1 por cada ciudadano, reafirmando, \u201cMi compromiso es contigo\u201d. &nbsp; &nbsp; &nbsp; &nbsp; &nbsp; &nbsp; &nbsp; &nbsp; &nbsp; &nbsp; &nbsp; &nbsp;<\/p>\n","protected":false},"excerpt":{"rendered":"<p>Con la presencia del Alejandro Habib, presidente de la Comisi\u00f3n de Derechos Humanos y en compa\u00f1\u00eda de Shadia Mart\u00ednez, presidenta del Sistema DIF de Mineral de la Reforma y autoridades del Ayuntamiento, el alcalde, Israel F\u00e9lix Soto, llev\u00f3 a cabo la \u201cFirma del Convenio de Colaboraci\u00f3n para la Municipalizaci\u00f3n de los Derechos Humanos, Mineral de [&hellip;]<\/p>\n","protected":false},"author":93,"featured_media":148893,"comment_status":"closed","ping_status":"open","sticky":false,"template":"","format":"standard","meta":{"footnotes":""},"categories":[40],"tags":[],"class_list":["post-148892","post","type-post","status-publish","format-standard","has-post-thumbnail","hentry","category-region"],"_links":{"self":[{"href":"https:\/\/plazajuarez.mx\/historico\/wp-json\/wp\/v2\/posts\/148892","targetHints":{"allow":["GET"]}}],"collection":[{"href":"https:\/\/plazajuarez.mx\/historico\/wp-json\/wp\/v2\/posts"}],"about":[{"href":"https:\/\/plazajuarez.mx\/historico\/wp-json\/wp\/v2\/types\/post"}],"author":[{"embeddable":true,"href":"https:\/\/plazajuarez.mx\/historico\/wp-json\/wp\/v2\/users\/93"}],"replies":[{"embeddable":true,"href":"https:\/\/plazajuarez.mx\/historico\/wp-json\/wp\/v2\/comments?post=148892"}],"version-history":[{"count":0,"href":"https:\/\/plazajuarez.mx\/historico\/wp-json\/wp\/v2\/posts\/148892\/revisions"}],"wp:featuredmedia":[{"embeddable":true,"href":"https:\/\/plazajuarez.mx\/historico\/wp-json\/wp\/v2\/media\/148893"}],"wp:attachment":[{"href":"https:\/\/plazajuarez.mx\/historico\/wp-json\/wp\/v2\/media?parent=148892"}],"wp:term":[{"taxonomy":"category","embeddable":true,"href":"https:\/\/plazajuarez.mx\/historico\/wp-json\/wp\/v2\/categories?post=148892"},{"taxonomy":"post_tag","embeddable":true,"href":"https:\/\/plazajuarez.mx\/historico\/wp-json\/wp\/v2\/tags?post=148892"}],"curies":[{"name":"wp","href":"https:\/\/api.w.org\/{rel}","templated":true}]}}