{"id":148670,"date":"2021-01-15T08:15:32","date_gmt":"2021-01-15T14:15:32","guid":{"rendered":"https:\/\/plazajuarez.mx\/?p=148670"},"modified":"2021-01-15T08:18:35","modified_gmt":"2021-01-15T14:18:35","slug":"prohibir-bebidas-alcoholicas-nafta-al-fuego","status":"publish","type":"post","link":"https:\/\/plazajuarez.mx\/historico\/prohibir-bebidas-alcoholicas-nafta-al-fuego\/","title":{"rendered":"Prohibir bebidas alcoh\u00f3licas, &#8220;nafta al fuego&#8221;"},"content":{"rendered":"\n<p>EFE.- La prohibici\u00f3n del consumo y producci\u00f3n de bebidas alcoh\u00f3licas en varios pa\u00edses de Am\u00e9rica Latina durante la pandemia no ha hecho m\u00e1s que echar &#8220;m\u00e1s nafta al fuego&#8221; del comercio il\u00edcito de esos productos, dijo en entrevista el especialista Esteban Giudici.<\/p>\n\n\n\n<p>Giudici es asesor de pol\u00edtica de la Alianza Transnacional&nbsp; para Combatir el Comercio Il\u00edcito, organizaci\u00f3n que present\u00f3 un informe sobre el impacto de las &#8220;leyes secas&#8221; que impusieron pa\u00edses como M\u00e9xico, Colombia y Panam\u00e1 al comienzo de la pandemia.<\/p>\n\n\n\n<p>&#8220;El objetivo era bueno y genuino, pero el tiro sali\u00f3 por la culata&#8221;, se\u00f1al\u00f3.<\/p>\n\n\n\n<p>El documento, publicado esta semana da cuenta de que la prohibici\u00f3n en 52 municipios mexicanos de restringir o prohibir la venta de alcohol provoc\u00f3 la muerte de casi 200 personas en 11 estados de ese pa\u00eds por consumo de bebidas alcoh\u00f3licas adulteradas, ello como resultado de la expansi\u00f3n del mercado ilegal.<\/p>\n\n\n\n<p>Giudici record\u00f3 que en mayo pasado las autoridades de Rep\u00fablica Dominicana alertaron de que en ese pa\u00eds caribe\u00f1o el alcohol adulterado hab\u00eda matado a m\u00e1s personas que el propio coronavirus.<\/p>\n","protected":false},"excerpt":{"rendered":"<p>EFE.- La prohibici\u00f3n del consumo y producci\u00f3n de bebidas alcoh\u00f3licas en varios pa\u00edses de Am\u00e9rica Latina durante la pandemia no ha hecho m\u00e1s que echar &#8220;m\u00e1s nafta al fuego&#8221; del comercio il\u00edcito de esos productos, dijo en entrevista el especialista Esteban Giudici. Giudici es asesor de pol\u00edtica de la Alianza Transnacional&nbsp; para Combatir el Comercio [&hellip;]<\/p>\n","protected":false},"author":80,"featured_media":148677,"comment_status":"closed","ping_status":"open","sticky":false,"template":"","format":"standard","meta":{"footnotes":""},"categories":[31],"tags":[],"class_list":["post-148670","post","type-post","status-publish","format-standard","has-post-thumbnail","hentry","category-orbe"],"_links":{"self":[{"href":"https:\/\/plazajuarez.mx\/historico\/wp-json\/wp\/v2\/posts\/148670","targetHints":{"allow":["GET"]}}],"collection":[{"href":"https:\/\/plazajuarez.mx\/historico\/wp-json\/wp\/v2\/posts"}],"about":[{"href":"https:\/\/plazajuarez.mx\/historico\/wp-json\/wp\/v2\/types\/post"}],"author":[{"embeddable":true,"href":"https:\/\/plazajuarez.mx\/historico\/wp-json\/wp\/v2\/users\/80"}],"replies":[{"embeddable":true,"href":"https:\/\/plazajuarez.mx\/historico\/wp-json\/wp\/v2\/comments?post=148670"}],"version-history":[{"count":0,"href":"https:\/\/plazajuarez.mx\/historico\/wp-json\/wp\/v2\/posts\/148670\/revisions"}],"wp:featuredmedia":[{"embeddable":true,"href":"https:\/\/plazajuarez.mx\/historico\/wp-json\/wp\/v2\/media\/148677"}],"wp:attachment":[{"href":"https:\/\/plazajuarez.mx\/historico\/wp-json\/wp\/v2\/media?parent=148670"}],"wp:term":[{"taxonomy":"category","embeddable":true,"href":"https:\/\/plazajuarez.mx\/historico\/wp-json\/wp\/v2\/categories?post=148670"},{"taxonomy":"post_tag","embeddable":true,"href":"https:\/\/plazajuarez.mx\/historico\/wp-json\/wp\/v2\/tags?post=148670"}],"curies":[{"name":"wp","href":"https:\/\/api.w.org\/{rel}","templated":true}]}}