{"id":148550,"date":"2021-01-14T10:00:28","date_gmt":"2021-01-14T16:00:28","guid":{"rendered":"https:\/\/plazajuarez.mx\/?p=148550"},"modified":"2021-01-14T10:00:47","modified_gmt":"2021-01-14T16:00:47","slug":"lamentan-deceso-de-berta-taracena-critica-de-arte","status":"publish","type":"post","link":"https:\/\/plazajuarez.mx\/historico\/lamentan-deceso-de-berta-taracena-critica-de-arte\/","title":{"rendered":"Lamentan deceso de Berta Taracena, cr\u00edtica de arte"},"content":{"rendered":"\n<p>La Secretar\u00eda de Cultura federal, el INBAL, museos, escritores y cr\u00edticos de arte han expresado en los \u00faltimos d\u00edas que lamentan el deceso de la cr\u00edtica de arte e historiadora Berta Taracena, quien falleci\u00f3 el 9 de enero.<\/p>\n\n\n\n<p>Berta Taracena fue historiadora y cr\u00edtica de arte; maestra de Historia de M\u00e9xico, egresada de la Facultad de Filosof\u00eda y Letras de la UNAM, y especialista en arte mexicano.<\/p>\n\n\n\n<p>Escribi\u00f3 libros sobre Diego Rivera, Manuel Rodr\u00edguez Lozano, Gustavo Montoya, Vlady, Francisco Corzas, Pedro Banda, Vladimir Cora, Antonio Ram\u00edrez y Antonio Su\u00e1rez.<\/p>\n\n\n\n<p>En un comunicado, la Secretar\u00eda de Cultura record\u00f3 que Berta Taracena public\u00f3 en 2006 su libro m\u00e1s conocido, &#8220;Est\u00e9tica del Arte Mexicano en el Tiempo&#8221; y que estudi\u00f3 y trabaj\u00f3 al lado Jes\u00fas Reyes Ferreira, Francisco de la Maza, Fernando Gamboa y Justino Fern\u00e1ndez.<\/p>\n\n\n\n<p>Lily Kassner escribi\u00f3 que &#8220;Berta Taracena ha edificado una obra que, por su calidad y amplitud, es referencia inevitable para quienes nos hemos dedicado a estos menesteres, tanto en publicaciones peri\u00f3dicas como en la realizaci\u00f3n de exposiciones, redacci\u00f3n de monograf\u00edas y libros de historia y cr\u00edtica de arte&#8221;.<\/p>\n\n\n\n<p>Algunos de sus libros son: El realismo fant\u00e1stico de Antonio Su\u00e1rez, Francisco Corzas, Vlady y El arte de Mateo Herrera, entre otros.<\/p>\n","protected":false},"excerpt":{"rendered":"<p>La Secretar\u00eda de Cultura federal, el INBAL, museos, escritores y cr\u00edticos de arte han expresado en los \u00faltimos d\u00edas que lamentan el deceso de la cr\u00edtica de arte e historiadora Berta Taracena, quien falleci\u00f3 el 9 de enero. Berta Taracena fue historiadora y cr\u00edtica de arte; maestra de Historia de M\u00e9xico, egresada de la Facultad [&hellip;]<\/p>\n","protected":false},"author":81,"featured_media":148551,"comment_status":"closed","ping_status":"open","sticky":false,"template":"","format":"standard","meta":{"footnotes":""},"categories":[41],"tags":[],"class_list":["post-148550","post","type-post","status-publish","format-standard","has-post-thumbnail","hentry","category-arteria-cultural"],"_links":{"self":[{"href":"https:\/\/plazajuarez.mx\/historico\/wp-json\/wp\/v2\/posts\/148550","targetHints":{"allow":["GET"]}}],"collection":[{"href":"https:\/\/plazajuarez.mx\/historico\/wp-json\/wp\/v2\/posts"}],"about":[{"href":"https:\/\/plazajuarez.mx\/historico\/wp-json\/wp\/v2\/types\/post"}],"author":[{"embeddable":true,"href":"https:\/\/plazajuarez.mx\/historico\/wp-json\/wp\/v2\/users\/81"}],"replies":[{"embeddable":true,"href":"https:\/\/plazajuarez.mx\/historico\/wp-json\/wp\/v2\/comments?post=148550"}],"version-history":[{"count":0,"href":"https:\/\/plazajuarez.mx\/historico\/wp-json\/wp\/v2\/posts\/148550\/revisions"}],"wp:featuredmedia":[{"embeddable":true,"href":"https:\/\/plazajuarez.mx\/historico\/wp-json\/wp\/v2\/media\/148551"}],"wp:attachment":[{"href":"https:\/\/plazajuarez.mx\/historico\/wp-json\/wp\/v2\/media?parent=148550"}],"wp:term":[{"taxonomy":"category","embeddable":true,"href":"https:\/\/plazajuarez.mx\/historico\/wp-json\/wp\/v2\/categories?post=148550"},{"taxonomy":"post_tag","embeddable":true,"href":"https:\/\/plazajuarez.mx\/historico\/wp-json\/wp\/v2\/tags?post=148550"}],"curies":[{"name":"wp","href":"https:\/\/api.w.org\/{rel}","templated":true}]}}