{"id":148546,"date":"2021-01-14T09:55:05","date_gmt":"2021-01-14T15:55:05","guid":{"rendered":"https:\/\/plazajuarez.mx\/?p=148546"},"modified":"2021-01-14T09:56:17","modified_gmt":"2021-01-14T15:56:17","slug":"chile-inicia-discusion-sobre-aborto","status":"publish","type":"post","link":"https:\/\/plazajuarez.mx\/historico\/chile-inicia-discusion-sobre-aborto\/","title":{"rendered":"Chile inicia discusi\u00f3n sobre aborto"},"content":{"rendered":"\n<p>EFE.- El Congreso de Chile inici\u00f3 ayer la discusi\u00f3n de un proyecto para despenalizar el aborto dentro de las primeras 14 semanas, al que se opone frontalmente el Gobierno del conservador Sebasti\u00e1n Pi\u00f1era.<\/p>\n\n\n\n<p>Con camisetas verdes -el color de la lucha por la legalizaci\u00f3n del aborto- y al grito de &#8220;\u00a1Aborto s\u00ed, aborto no, eso lo decido yo!&#8221;, algunas de las parlamentarias de izquierda y centro-izquierda que impulsaron la iniciativa llegaron al Parlamento con la mira puesta en la reciente despenalizaci\u00f3n en Argentina.<\/p>\n\n\n\n<p>&#8220;Hoy iniciamos el camino hacia la despenalizaci\u00f3n legal y social del aborto en Chile. Los abortos existen y seguir\u00e1n existiendo. En nuestras manos est\u00e1 dejar de perseguir a adolescentes y mujeres que no tienen recursos para hacerlo en cl\u00ednicas disfrazado de apendicitis&#8221;, dijo Maite Orsini, diputada opositora y presidenta de la comisi\u00f3n parlamentaria donde se discutir\u00e1 el proyecto.<\/p>\n\n\n\n<p>&#8220;No m\u00e1s clandestinidad ni persecuci\u00f3n. Tenemos que avanzar en autonom\u00eda y dignidad&#8221;, dijo en Twitter la diputada comunista Camila Rojas.<\/p>\n","protected":false},"excerpt":{"rendered":"<p>EFE.- El Congreso de Chile inici\u00f3 ayer la discusi\u00f3n de un proyecto para despenalizar el aborto dentro de las primeras 14 semanas, al que se opone frontalmente el Gobierno del conservador Sebasti\u00e1n Pi\u00f1era. Con camisetas verdes -el color de la lucha por la legalizaci\u00f3n del aborto- y al grito de &#8220;\u00a1Aborto s\u00ed, aborto no, eso [&hellip;]<\/p>\n","protected":false},"author":80,"featured_media":148548,"comment_status":"closed","ping_status":"open","sticky":false,"template":"","format":"standard","meta":{"footnotes":""},"categories":[31],"tags":[],"class_list":["post-148546","post","type-post","status-publish","format-standard","has-post-thumbnail","hentry","category-orbe"],"_links":{"self":[{"href":"https:\/\/plazajuarez.mx\/historico\/wp-json\/wp\/v2\/posts\/148546","targetHints":{"allow":["GET"]}}],"collection":[{"href":"https:\/\/plazajuarez.mx\/historico\/wp-json\/wp\/v2\/posts"}],"about":[{"href":"https:\/\/plazajuarez.mx\/historico\/wp-json\/wp\/v2\/types\/post"}],"author":[{"embeddable":true,"href":"https:\/\/plazajuarez.mx\/historico\/wp-json\/wp\/v2\/users\/80"}],"replies":[{"embeddable":true,"href":"https:\/\/plazajuarez.mx\/historico\/wp-json\/wp\/v2\/comments?post=148546"}],"version-history":[{"count":0,"href":"https:\/\/plazajuarez.mx\/historico\/wp-json\/wp\/v2\/posts\/148546\/revisions"}],"wp:featuredmedia":[{"embeddable":true,"href":"https:\/\/plazajuarez.mx\/historico\/wp-json\/wp\/v2\/media\/148548"}],"wp:attachment":[{"href":"https:\/\/plazajuarez.mx\/historico\/wp-json\/wp\/v2\/media?parent=148546"}],"wp:term":[{"taxonomy":"category","embeddable":true,"href":"https:\/\/plazajuarez.mx\/historico\/wp-json\/wp\/v2\/categories?post=148546"},{"taxonomy":"post_tag","embeddable":true,"href":"https:\/\/plazajuarez.mx\/historico\/wp-json\/wp\/v2\/tags?post=148546"}],"curies":[{"name":"wp","href":"https:\/\/api.w.org\/{rel}","templated":true}]}}