{"id":14834,"date":"2015-12-18T14:21:27","date_gmt":"2015-12-18T14:21:27","guid":{"rendered":"http:\/\/plazajuarez.mx\/index\/index.php\/2015\/12\/18\/labor-comprometida-de-la-casa-de-la-mujer-indigena-fo\/"},"modified":"2015-12-18T14:21:27","modified_gmt":"2015-12-18T14:21:27","slug":"labor-comprometida-de-la-casa-de-la-mujer-indigena-fo","status":"publish","type":"post","link":"https:\/\/plazajuarez.mx\/historico\/labor-comprometida-de-la-casa-de-la-mujer-indigena-fo\/","title":{"rendered":"\u201cLabor comprometida de la Casa de la Mujer Ind\u00edgena\u201d: FO"},"content":{"rendered":"<p>Casa de la Mujer Ind\u00edgena \u201cYankuik Sitlalkali\u201d o Casa de la Nueva Estrella recibi\u00f3 la Medalla al M\u00e9rito en la Promoci\u00f3n y Defensa de los Derechos Humanos por parte de la Comisi\u00f3n de Derechos Humanos del Estado de Hidalgo<\/p>\n<p>Por su labor y compromiso para la defensa de los derechos de la mujer ind\u00edgena, la Casa de la Mujer Ind\u00edgena \u201cYankuik Sitlalkali\u201d o Casa de la Nueva Estrella recibi\u00f3 la Medalla al M\u00e9rito en la Promoci\u00f3n y Defensa de los Derechos Humanos por parte de la Comisi\u00f3n de Derechos Humanos del Estado de Hidalgo (CDHEH).<\/p>\n<p>  <!--more-->  <\/p>\n<p>\u00a0<\/p>\n<p>\u00a0<\/p>\n<p>En su edici\u00f3n 2015, la CDHEH otorg\u00f3 este galard\u00f3n por su trabajo destacado en las actividades que desarrolla para la defensa y protecci\u00f3n de los derechos humanos de las mujeres ind\u00edgenas y de las personas en situaci\u00f3n de vulnerabilidad.<\/p>\n<p>\u00a0<\/p>\n<p>Durante el evento, el Gobernador del Estado, Jos\u00e9 Francisco Olvera Ruiz felicit\u00f3 y reconoci\u00f3 el trabajo que realiza la Casa de la Mujer Ind\u00edgena \u201cYankuikSitlalkali\u201d por su compromiso para luchar por los valores y la justicia de las mujeres ind\u00edgenas.<\/p>\n<p>\u00a0<\/p>\n<p>\u201cCon su quehacer, ha logrado atender, escuchar y mediar las diversas inquietudes que le han hecho buscar la justicia para quienes no tienen voz\u201d, a\u00f1adi\u00f3 el Gobernador.<\/p>\n<p>\u00a0<\/p>\n<p>Adem\u00e1s, recalc\u00f3 la importancia que tiene la aplicaci\u00f3n adecuada de los derechos humanos que son una parte primordial en la sociedad, y la labor que realiza la Comisi\u00f3n de los Derechos en el Estado.<\/p>\n<p>\u00a0<\/p>\n<p>En su participaci\u00f3n, el presidente de la CDHEH, Jos\u00e9 Alfredo Sep\u00falveda Fayad, subray\u00f3 la importancia que tiene el trabajo en conjunto entre sociedad y gobierno en la lucha por la defensa de los Derechos Humanos que \u201cdebemos unirnos para mejorar condiciones de vida de los desprotegidos\u201d puntualiz\u00f3.<\/p>\n<p>\u00a0<\/p>\n<p>Por su parte, la presidenta de la \u201cCasa de la Mujer Ind\u00edgena\u201d, Elvia Hern\u00e1ndez Dom\u00ednguez agradeci\u00f3 el reconocimiento por parte de la Comisi\u00f3n y reconoci\u00f3 tambi\u00e9n el esfuerzo que realizan sus compa\u00f1eras ind\u00edgenas<\/p>\n<p>\u00a0<\/p>\n<p>Elvia Hern\u00e1ndez Dom\u00ednguez, presidenta de la \u201cCasa de la Mujer Ind\u00edgena\u201d, se congratul\u00f3 que el esfuerzo y trabajo de sus compa\u00f1eras ind\u00edgenas est\u00e1 rindiendo frutos a trav\u00e9s de este reconocimiento, finalizando que la responsabilidad de los derechos humanos reside en cada uno de nosotros con las acciones que realicemos diariamente.<\/p>\n<p>\u00a0<\/p>\n<p>Finalmente agradeci\u00f3 a todas las integrantes de la agrupaci\u00f3n, \u201cpor haber vivido en carne propia la discriminaci\u00f3n y la violencia, son las portavoces de que es posible cambiar su realidad con trabajo y responsabilidad\u201d.<\/p>\n","protected":false},"excerpt":{"rendered":"<p>Casa de la Mujer Ind\u00edgena \u201cYankuik Sitlalkali\u201d o Casa de la Nueva Estrella recibi\u00f3 la Medalla al M\u00e9rito en la Promoci\u00f3n y Defensa de los Derechos Humanos por parte de la Comisi\u00f3n de Derechos Humanos del Estado de Hidalgo Por su labor y compromiso para la defensa de los derechos de la mujer ind\u00edgena, la [&hellip;]<\/p>\n","protected":false},"author":93,"featured_media":0,"comment_status":"open","ping_status":"open","sticky":false,"template":"","format":"standard","meta":{"footnotes":""},"categories":[59],"tags":[],"class_list":["post-14834","post","type-post","status-publish","format-standard","hentry","category-general"],"_links":{"self":[{"href":"https:\/\/plazajuarez.mx\/historico\/wp-json\/wp\/v2\/posts\/14834","targetHints":{"allow":["GET"]}}],"collection":[{"href":"https:\/\/plazajuarez.mx\/historico\/wp-json\/wp\/v2\/posts"}],"about":[{"href":"https:\/\/plazajuarez.mx\/historico\/wp-json\/wp\/v2\/types\/post"}],"author":[{"embeddable":true,"href":"https:\/\/plazajuarez.mx\/historico\/wp-json\/wp\/v2\/users\/93"}],"replies":[{"embeddable":true,"href":"https:\/\/plazajuarez.mx\/historico\/wp-json\/wp\/v2\/comments?post=14834"}],"version-history":[{"count":0,"href":"https:\/\/plazajuarez.mx\/historico\/wp-json\/wp\/v2\/posts\/14834\/revisions"}],"wp:attachment":[{"href":"https:\/\/plazajuarez.mx\/historico\/wp-json\/wp\/v2\/media?parent=14834"}],"wp:term":[{"taxonomy":"category","embeddable":true,"href":"https:\/\/plazajuarez.mx\/historico\/wp-json\/wp\/v2\/categories?post=14834"},{"taxonomy":"post_tag","embeddable":true,"href":"https:\/\/plazajuarez.mx\/historico\/wp-json\/wp\/v2\/tags?post=14834"}],"curies":[{"name":"wp","href":"https:\/\/api.w.org\/{rel}","templated":true}]}}