{"id":14830,"date":"2015-12-18T14:28:33","date_gmt":"2015-12-18T14:28:33","guid":{"rendered":"http:\/\/plazajuarez.mx\/index\/index.php\/2015\/12\/18\/aprueban-ley-organica-de-la-uaeh-se-crea-la-junta-de-gobierno\/"},"modified":"2015-12-18T14:28:33","modified_gmt":"2015-12-18T14:28:33","slug":"aprueban-ley-organica-de-la-uaeh-se-crea-la-junta-de-gobierno","status":"publish","type":"post","link":"https:\/\/plazajuarez.mx\/historico\/aprueban-ley-organica-de-la-uaeh-se-crea-la-junta-de-gobierno\/","title":{"rendered":"Aprueban Ley Org\u00e1nica de la UAEH; se crea la Junta de Gobierno"},"content":{"rendered":"<p>POR UNANIMIDAD\u00a0\u00a0 <\/p>\n<p>*Se crear\u00e1 la Junta de Gobierno, con la presencia de exrectores, y de este \u00f3rgano saldr\u00e1n los procesos de elecci\u00f3n de directivos de institutos y escuelas de la universidad; el Consejo seguir\u00e1 en funciones, asegura el rector Humberto Augusto Veras Godoy<\/p>\n<p>  <!--more-->  <\/p>\n<p>\u00a0<\/p>\n<p>Ayer en sesi\u00f3n ordinaria, la 62 legislatura de la entidad, aprob\u00f3 por unanimidad la nueva Ley Org\u00e1nica de la Universidad Aut\u00f3noma del Estado de Hidalgo (UAEH), con la que, entre otros temas, se crea la Junta de Gobierno y se concibe como figura de autoridad, con voz y voto, al Patronato Universitario que preside Gerardo Sosa Castel\u00e1n.<\/p>\n<p>\u00a0<\/p>\n<p>De acuerdo con el rector de la m\u00e1xima casa de estudios en Hidalgo, Humberto Veras Godoy, el planteamiento realizado por el consejo universitario fue enviado al gobernador de la entidad, Francisco Olvera Ruiz, a fin de que este pudiera turnarlo al congreso local, y se dictaminara por las y los integrantes de la actual legislatura. Siempre, dijo, en completo respeto a la autonom\u00eda de nuestra instituci\u00f3n y con el procedimiento que se requiere al tener, el gobernador, la facultad para hacerlo.<\/p>\n<p>\u00a0<\/p>\n<p>De igual forma explic\u00f3 que con la nueva ley se crea la figura de la Junta de Gobierno de la UAEH, misma que estar\u00e1 integrada por los exrectores, l\u00edderes sindicales y el rector en turno, y que tendr\u00e1 entre otras funciones \u201chablar del proceso de elecci\u00f3n\u201d de directivos de los institutos y escuelas de la m\u00e1xima casa de estudios, sin que esto, pretenda desaparecer la figura del consejo universitario, seg\u00fan explic\u00f3.<\/p>\n<p>\u00a0<\/p>\n<p>\u201cSe modifican las figuras de la parte administrativa de la universidad, se crea una Junta de Gobierno que estar\u00e1 integrada por los ex rectores y lideres sindicales, el rector en turno, y funcionar\u00e1 para poder hablar del proceso de elecci\u00f3n de los rectores y directores, con lo que se tendr\u00e1 la certeza de la instituci\u00f3n y la conducci\u00f3n de la rector\u00eda\u201d, dijo.<\/p>\n<p>\u00a0<\/p>\n<p>Y agreg\u00f3 que ser\u00e1 \u201cel Honorable Consejo Universitario\u201d el organismo que apruebe la propuesta de los rectores y directivos, por lo que no perder\u00e1 funciones, al contrario, seg\u00fan dijo, \u201cse fortalecer\u00e1, es la m\u00e1xima autoridad de la instituci\u00f3n, as\u00ed como la m\u00e1xima autoridad ejecutiva es el rector\u201d.<\/p>\n<p>\u00a0<\/p>\n<p>Finalmente se\u00f1al\u00f3 que otra de las importantes disposiciones de la nueva ley, es la consideraci\u00f3n del Patronato Universitario como una instancia de autoridad dentro de la universidad, con lo que se garantiza una estabilidad financiera sin que deje de ser el rector qui\u00e9n ejerza los recursos.<\/p>\n","protected":false},"excerpt":{"rendered":"<p>POR UNANIMIDAD\u00a0\u00a0 *Se crear\u00e1 la Junta de Gobierno, con la presencia de exrectores, y de este \u00f3rgano saldr\u00e1n los procesos de elecci\u00f3n de directivos de institutos y escuelas de la universidad; el Consejo seguir\u00e1 en funciones, asegura el rector Humberto Augusto Veras Godoy<\/p>\n","protected":false},"author":93,"featured_media":0,"comment_status":"open","ping_status":"open","sticky":false,"template":"","format":"standard","meta":{"footnotes":""},"categories":[59],"tags":[],"class_list":["post-14830","post","type-post","status-publish","format-standard","hentry","category-general"],"_links":{"self":[{"href":"https:\/\/plazajuarez.mx\/historico\/wp-json\/wp\/v2\/posts\/14830","targetHints":{"allow":["GET"]}}],"collection":[{"href":"https:\/\/plazajuarez.mx\/historico\/wp-json\/wp\/v2\/posts"}],"about":[{"href":"https:\/\/plazajuarez.mx\/historico\/wp-json\/wp\/v2\/types\/post"}],"author":[{"embeddable":true,"href":"https:\/\/plazajuarez.mx\/historico\/wp-json\/wp\/v2\/users\/93"}],"replies":[{"embeddable":true,"href":"https:\/\/plazajuarez.mx\/historico\/wp-json\/wp\/v2\/comments?post=14830"}],"version-history":[{"count":0,"href":"https:\/\/plazajuarez.mx\/historico\/wp-json\/wp\/v2\/posts\/14830\/revisions"}],"wp:attachment":[{"href":"https:\/\/plazajuarez.mx\/historico\/wp-json\/wp\/v2\/media?parent=14830"}],"wp:term":[{"taxonomy":"category","embeddable":true,"href":"https:\/\/plazajuarez.mx\/historico\/wp-json\/wp\/v2\/categories?post=14830"},{"taxonomy":"post_tag","embeddable":true,"href":"https:\/\/plazajuarez.mx\/historico\/wp-json\/wp\/v2\/tags?post=14830"}],"curies":[{"name":"wp","href":"https:\/\/api.w.org\/{rel}","templated":true}]}}