{"id":14829,"date":"2015-12-18T14:16:24","date_gmt":"2015-12-18T14:16:24","guid":{"rendered":"http:\/\/plazajuarez.mx\/index\/index.php\/2015\/12\/18\/alfil-negro-317\/"},"modified":"2015-12-18T14:16:24","modified_gmt":"2015-12-18T14:16:24","slug":"alfil-negro-317","status":"publish","type":"post","link":"https:\/\/plazajuarez.mx\/historico\/alfil-negro-317\/","title":{"rendered":"ALFIL NEGRO"},"content":{"rendered":"<p>(En 100 d\u00edas registro de candidato a Gobernador)<\/p>\n<p>\u00a0\u00daLTIMA REUNION DE FIN DE A\u00d1O<\/p>\n<p>DE PERIODISTAS CON OLVERA<\/p>\n<p>\u00a0<\/p>\n<p>El gobernador Olvera, los fines de a\u00f1o se reuni\u00f3 con los periodistas para desearles felices fiestas de fin de a\u00f1o y ventura para el a\u00f1o nuevo y para hacer de esta reuni\u00f3n una posibilidad de informaci\u00f3n de lo logrado en el a\u00f1o y de adelanto de lo que se planeaba para el a\u00f1o que ven\u00eda. No fue la excepci\u00f3n en este 2015 en el que se llev\u00f3 a cabo el d\u00eda de ayer esta reuni\u00f3n en un desayuno con particularidades que dieron a entender que ese gobierno toca a su fin y que por lo mismo permite actitudes que a lo mejor antes no se daban y declaraciones que hablan de que a este sexenio le quedan ocho meses y d\u00edas, pues termina el 4 de septiembre de acuerdo a lo que dice el marco legal. El desayuno permiti\u00f3 la presencia de la mayor\u00eda de los representantes de los medios del estado y la ausencia notoria de muchos de los comunicadores que se daban cita en anteriores citas y que en esta ocasi\u00f3n no acudieron a la \u00faltima convocatoria de fin de a\u00f1o. Sin embargo se logr\u00f3 el fin de reunir a la mayor\u00eda de los compa\u00f1eros de oficio y tener un espacio para poder saludarnos entre quienes nos dedicamos a este quehacer y enterarnos de nuestra salud, de nuestras familias y desearnos lo mejor para estas fiestas y para el 2016 y escuchar con atenci\u00f3n lo que plantea el gobernador Olvera en un tono especial, pues habl\u00f3 desde la responsabilidad de quien dejar\u00e1 el poder en unos cuantos meses y con la mira puesta en el cambio que es inminente y los ojos puestos en lo que se ha hecho, y lo que todav\u00eda se puede hacer en beneficio del estado siempre con la mira puesta en el reto de hacer historia.<\/p>\n<p>  <!--more-->  <\/p>\n<p>\u00a0<\/p>\n<p>\u00a0<\/p>\n<p>Como cada a\u00f1o la invitaci\u00f3n lleg\u00f3 puntual para asistir al desayuno con motivo del fin de a\u00f1o de parte de Comunicaci\u00f3n Social con el subrayado de que estar\u00eda presente el gobernador Olvera.<\/p>\n<p>Es como cada a\u00f1o una oportunidad entre otras cosas de poder saludar a los compa\u00f1eros de oficio que de otro modo es dif\u00edcil hacerlo, porque aunque de alguna manera sepamos c\u00f3mo van las cosas no siempre tenemos la oportunidad de abrazarnos o de vernos a los ojos para preguntarnos por nuestra salud y por nuestras gentes.<\/p>\n<p>En esta ocasi\u00f3n con gusto estrech\u00e9 las manos de Gabriel Badillo de Contacto Directo de Tula un viejo amigo y causante de que est\u00e9 en Hidalgo, de Jos\u00e9 Guadalupe Rodr\u00edguez ex diputado, pol\u00edtico de coraz\u00f3n y periodista por vocaci\u00f3n a quien se le aprecia por la honestidad de sus propuestas, a Joel S\u00e1nchez a quien abrazamos con el mejor de nuestros deseos en el momento dif\u00edcil que vive, a To\u00f1o Ja\u00e9n y Severo Manilla, as\u00ed como a Abraham Soriano buen fot\u00f3grafo heredero de las cualidades de su se\u00f1or padre a quien llevamos en la memoria y en el coraz\u00f3n, y as\u00ed a muchos de los comunicadores que por meses dejamos de ver y que gracias a esta reuni\u00f3n podemos ver y saludar y desearles que todo vaya bien.<\/p>\n<p>Desde luego extra\u00f1as a otros que no se pudieron ver como a David Carrillo a quien nos acostumbramos a ver en estas reuniones y que hoy no vimos o no tuvimos la suerte de encontrarnos, o a Bertha Alfaro de Televisa que no la encontramos o a Jorge Mart\u00ednez a quien siempre le agradeceremos el gesto que tuvo para arriesgar su seguridad a favor de la nuestra en un casi accidente por el Tezontle\u2026 cosas que este oficio da y permite, para tener nuestra propia historia y repasarla cuando se da la ocasi\u00f3n como esta reuni\u00f3n \u00faltima de fin de a\u00f1o con el gobernador Olvera.<\/p>\n<p>LENGUAJE REALISTA DEL GOBERNADOR<\/p>\n<p>\u201cNINGUNA OBRA A MEDIAS\u201d\u2026<\/p>\n<p>Al final del desayuno el gobernador dialog\u00f3 con los periodistas para hacer afirmaciones que hablan de un gobernante responsable como la de que no dejar\u00e1 obras a medias, es decir inconclusas sino terminadas y que para ello en lo que resta de su gobierno no se iniciar\u00e1n obras que no tengan el sustento del dinero para hacerse.<\/p>\n<p>De esa manera dijo que en cuanto a compromisos, incluidos los de \u201cpapelito habla\u201d, restar\u00e1n en alguna parte de su realizaci\u00f3n 650 que se terminar\u00e1n antes de que termine su sexenio para no dejar ninguna deuda de obra para el gobierno que inicie el 5 de septiembre.<\/p>\n<p>Y dijo que para Pachuca la \u00faltima obra fuerte ser\u00e1 la del libramiento Rojo G\u00f3mez y R\u00edo de las Avenidas para darle soluci\u00f3n al embudo que se crea por la central camionera, pero que se tiene el proyecto y el recurso para que se lleve a cabo, empezando la obra despu\u00e9s de Reyes en un m\u00e1ximo de 5 meses ,lo que significa que estar\u00e1 terminada a finales de mayo o principios de junio y que Pachuca estrenar\u00e1 este libramiento que se construir\u00e1 con alta tecnolog\u00eda y que permitir\u00e1 un desfogue para la circulaci\u00f3n.<\/p>\n<p>Del mismo modo dijo que la Torre del Congreso que lleva buen tiempo sin terminarse se terminar\u00e1 en lo que resta de su administraci\u00f3n, as\u00ed como la casa de las y los adolescentes y la Ciudad Mujer en Tula-Tepeji y los hospitales de Tulancingo y el de Oncolog\u00eda de Tula con el problema serio del gasto de operaci\u00f3n que significa un gran reto para el estado.<\/p>\n<p>EL DINERO DE PEMEX PARA VIALIDADES EN TULA Y OBRAS DE SEGURIDAD DE ESTA REGI\u00d3N Y DEL ESTADO<\/p>\n<p>Sobre el dinero que PEMEX le devolver\u00e1 a Hidalgo del gasto que se hizo para los terrenos donde se iba a construir la refiner\u00eda dijo que hay acuerdos firmados y que ser\u00e1 con toda seguridad el a\u00f1o que viene cuando el dinero llegar\u00e1 a Hidalgo y que se usar\u00e1 para obras de vialidades en Tula y para acciones de seguridad para esta regi\u00f3n y para el estado.<\/p>\n<p>Inform\u00f3 que en cuanto a promoci\u00f3n para nuevas empresas, hay 10 que est\u00e1n en cartera para llegar al estado en una posibilidad de grandes beneficios para Hidalgo.<\/p>\n<p>Defini\u00f3 a la Ciudad del Conocimiento con todo lo que significa y el Tuzob\u00fas como dos de los proyectos emblem\u00e1ticos de su gobierno a los que se les debe dar seguimiento por lo que significan de progreso para el estado y sobre la seguridad dijo que Hidalgo no tiene problemas serios sobre el particular y que m\u00e1s bien tiene reconocimientos por lo logrado en esta materia.<\/p>\n<p>SIN DUDA\u2026<\/p>\n<p>Una reuni\u00f3n con nostalgia\u2026 con recuentos que tuvieron la virtud de ver lo logrado y de avizorar lo que puede venir.<\/p>\n","protected":false},"excerpt":{"rendered":"<p>(En 100 d\u00edas registro de candidato a Gobernador) \u00a0\u00daLTIMA REUNION DE FIN DE A\u00d1O DE PERIODISTAS CON OLVERA \u00a0 El gobernador Olvera, los fines de a\u00f1o se reuni\u00f3 con los periodistas para desearles felices fiestas de fin de a\u00f1o y ventura para el a\u00f1o nuevo y para hacer de esta reuni\u00f3n una posibilidad de informaci\u00f3n [&hellip;]<\/p>\n","protected":false},"author":93,"featured_media":0,"comment_status":"open","ping_status":"open","sticky":false,"template":"","format":"standard","meta":{"footnotes":""},"categories":[42],"tags":[],"class_list":["post-14829","post","type-post","status-publish","format-standard","hentry","category-nuestrapalabra"],"_links":{"self":[{"href":"https:\/\/plazajuarez.mx\/historico\/wp-json\/wp\/v2\/posts\/14829","targetHints":{"allow":["GET"]}}],"collection":[{"href":"https:\/\/plazajuarez.mx\/historico\/wp-json\/wp\/v2\/posts"}],"about":[{"href":"https:\/\/plazajuarez.mx\/historico\/wp-json\/wp\/v2\/types\/post"}],"author":[{"embeddable":true,"href":"https:\/\/plazajuarez.mx\/historico\/wp-json\/wp\/v2\/users\/93"}],"replies":[{"embeddable":true,"href":"https:\/\/plazajuarez.mx\/historico\/wp-json\/wp\/v2\/comments?post=14829"}],"version-history":[{"count":0,"href":"https:\/\/plazajuarez.mx\/historico\/wp-json\/wp\/v2\/posts\/14829\/revisions"}],"wp:attachment":[{"href":"https:\/\/plazajuarez.mx\/historico\/wp-json\/wp\/v2\/media?parent=14829"}],"wp:term":[{"taxonomy":"category","embeddable":true,"href":"https:\/\/plazajuarez.mx\/historico\/wp-json\/wp\/v2\/categories?post=14829"},{"taxonomy":"post_tag","embeddable":true,"href":"https:\/\/plazajuarez.mx\/historico\/wp-json\/wp\/v2\/tags?post=14829"}],"curies":[{"name":"wp","href":"https:\/\/api.w.org\/{rel}","templated":true}]}}